{"id":11505,"date":"2021-03-19T11:40:32","date_gmt":"2021-03-19T14:40:32","guid":{"rendered":"https:\/\/tvc16.com\/portal\/?p=11505"},"modified":"2021-03-19T11:40:35","modified_gmt":"2021-03-19T14:40:35","slug":"dia-do-artesao-profissionais-de-embu-das-artes-enfrentam-desafios","status":"publish","type":"post","link":"https:\/\/tvc16.com\/portal\/2021\/03\/19\/dia-do-artesao-profissionais-de-embu-das-artes-enfrentam-desafios\/","title":{"rendered":"Dia do Artes\u00e3o: profissionais de Embu das Artes enfrentam desafios"},"content":{"rendered":"\n<h3 class=\"wp-block-heading\">O universo do feito \u00e0 m\u00e3o \u00e9 mais um setor prejudicado pelas restri\u00e7\u00f5es<\/h3>\n\n\n\n<h3 class=\"wp-block-heading\">Por Ludmilla Souza &#8211; Rep\u00f3rter da Ag\u00eancia Brasil &#8211; S\u00e3o Paulo<\/h3>\n\n\n\n<p>Comemorado nesta sexta-feira (19), o Dia da Artes\u00e3o&nbsp;celebra o profissional que se dedica \u00e0 arte de produzir pe\u00e7as de artesanato em cer\u00e2mica, cera, tecido, palha, madeira e couro, entre outras. Originada do termo b\u00edblico&nbsp;<em>tekton<\/em>, a palavra artes\u00e3o significa pessoa que trabalha com as m\u00e3os. Mas, neste ano, a data n\u00e3o poder\u00e1 ser muito comemorada, j\u00e1 que as vendas foram prejudicadas pela crise financeira e as restri\u00e7\u00f5es impostas pela pandemia&nbsp;de covid-19.<img decoding=\"async\" src=\"https:\/\/agenciabrasil.ebc.com.br\/ebc.png?id=1404414&amp;o=node\"><img decoding=\"async\" src=\"https:\/\/agenciabrasil.ebc.com.br\/ebc.gif?id=1404414&amp;o=node\"><\/p>\n\n\n\n<p>Os artes\u00e3os que exp\u00f5em na cidade de Embu das Artes, na regi\u00e3o metropolitana de S\u00e3o Paulo, foram duramente prejudicados economicamente pela pandemia. Criada em 1969, a feira recebia anualmente cerca de 1 milh\u00e3o de turistas. Al\u00e9m da compra de arte, artesanato e at\u00e9 plantas, o visitante disp\u00f5e de Pra\u00e7a de Alimenta\u00e7\u00e3o, bons restaurantes, bares, docerias e caf\u00e9s. M\u00fasicos e performistas se apresentam em diversos pontos do Centro Hist\u00f3rico. A feira tem atualmente cerca de 485 expositores e devido ao rodizio e aos grupos de risco, cerca de 170 conseguiram retornar nos per\u00edodos de funcionamento.&nbsp;<\/p>\n\n\n\n<p>A artes\u00e3 Maria do Carmo Merussim, de 56 anos, produz pe\u00e7as de cer\u00e2mica e exp\u00f5e na cidade. Ela fabrica pe\u00e7as \u00fanicas e assinadas, que s\u00e3o feitas manualmente, uma a uma, com&nbsp;argilas e esmaltes isentos de chumbo, para serem usadas como utilit\u00e1rio ou decora\u00e7\u00e3o.<\/p>\n\n\n\n<p>Para a ceramista, a maior dificuldade que tem enfrentado \u00e9 o reajuste da mat\u00e9ria-prima. Assim, para aumentar as vendas e driblar os dias em que n\u00e3o exp\u00f5e na feira pelas restri\u00e7\u00f5es do Plano S\u00e3o Paulo, ela tem vendido pela internet. \u201cAntes da pandemia j\u00e1 fazia vendas pela internet, [por meio de&nbsp;<em>sites<\/em>&nbsp;especializados e rede social]. Com o inicio da pandemia, investi em uma&nbsp;<a href=\"http:\/\/www.ceramicamariamerussi.com.br\/\" target=\"_blank\" rel=\"noreferrer noopener\">loja virtual<\/a>&nbsp;pr\u00f3pria.<\/p>\n\n\n\n<p>Apesar das alternativas de vendas, ela tem poucas perspectivas para este ano. \u201cVejo um cen\u00e1rio de dificuldade. Acredito ser importante investir em a\u00e7\u00f5es de divulga\u00e7\u00e3o da Feira de Embu das Artes para atrairmos vendas presenciais ou pela internet\u201d.<\/p>\n\n\n\n<p>O artes\u00e3o Clovis Pires de Camargo, de 66 anos, que tamb\u00e9m exp\u00f5e na feira, disse que tem feito poucas vendas desde que come\u00e7ou a pandemia. Ele cita as dificuldades: \u201cConsidero a pandemia e a falta de apoio dos organizadores, que deixam a revenda correr solta, as piores dificuldades\u201d. Camargo faz artesanato em couro, como bolsas, e come\u00e7ou a produzir outras pe\u00e7as para driblar os dias de feira fechada em Embu das Artes. \u201cParalelamente, produzo alforjes e protetores para motos estilo Harley Davidson\u201d.&nbsp;<\/p>\n\n\n\n<figure class=\"wp-block-image\"><img decoding=\"async\" src=\"https:\/\/imagens.ebc.com.br\/cn0rRv0JxxKsZc_Q-HF9-3rsZ0A=\/754x0\/smart\/https:\/\/agenciabrasil.ebc.com.br\/sites\/default\/files\/thumbnails\/image\/pecas_do_artesao_clovis_camargo_que_diz_que_tem_feito_poucas_vendas_desde_o_inicio_da_pandemia.jpeg?itok=5_Nh-GAJ\" alt=\"Pe\u00e7as do artes\u00e3o Clovis Camargo, que diz que tem feito poucas vendas desde o in\u00edcio da pandemia.\" title=\"Clovis Camargo\/Arquivo Pessoal\"\/><\/figure>\n\n\n\n<p>Pe\u00e7as do artes\u00e3o Clovis Camargo, que diz que tem feito poucas vendas desde o in\u00edcio da pandemia. &#8211;&nbsp;<strong>Clovis Camargo\/Arquivo Pessoal<\/strong><\/p>\n\n\n\n<h2 class=\"wp-block-heading\">Economia do artesanato<\/h2>\n\n\n\n<p>A Feira de Artesanato da cidade \u00e9 uma das maiores exposi\u00e7\u00f5es de arte ao ar livre do pa\u00eds e \u00e9 o principal atrativo tur\u00edstico do munic\u00edpio, segundo a Associa\u00e7\u00e3o dos Expositores da Feira de Embu das Artes (AEFEA). De acordo com a porta-voz da associa\u00e7\u00e3o, Ana Rodrigues,&nbsp; a cidade foi prejudicada economicamente pelas restri\u00e7\u00f5es. \u201cNossa economia tur\u00edstica despencou, o movimento comercial durante os finais de semana n\u00e3o conseguiu se reorganizar at\u00e9 agora, muitos com\u00e9rcios fecharam as portas e muitos expositores da feira desistiram. As vendas ca\u00edram entre 70% e 80% e, em alguns casos, a instabilidade \u00e9 total\u201d, lamenta.<\/p>\n\n\n\n<p>A m\u00e9dia de visitantes da feira antes da pandemia era de 20 mil aos domingos, dia de maior movimento. \u201cDevido \u00e0 instabilidade econ\u00f4mica do pa\u00eds, nosso p\u00fablico vinha em queda, o que normalmente ficava em torno de 20 mil visitantes aos domingos, mas caiu para cerca de 8 mil a 10 mil na Fase Verde [do Plano S\u00e3o Paulo Verde, que permite a abertura do com\u00e9rcio com medidas de higiene sanit\u00e1ria]\u201d, explicou a porta-voz.<\/p>\n\n\n\n<p>Segundo Ana, a associa\u00e7\u00e3o tem feito a\u00e7\u00f5es nas redes sociais para tentar reverter o quadro. \u201cNossa associa\u00e7\u00e3o \u00e9 voltada para os expositores da feira, toda a\u00e7\u00e3o que realizamos auxilia o com\u00e9rcio do entorno, visto que nossa feira \u00e9 o real atrativo tur\u00edstico do munic\u00edpio. Mesmo a associa\u00e7\u00e3o sendo para os expositores e uma entidade jovem em rela\u00e7\u00e3o aos 52 anos da&nbsp;feira, atuamos intensamente nas m\u00eddias sociais, visto que ainda n\u00e3o temos lastro para grandes a\u00e7\u00f5es de&nbsp;<em>marketing<\/em>\u201d.&nbsp;&nbsp;<\/p>\n\n\n\n<p>O trabalho da associa\u00e7\u00e3o segue para ampliar o p\u00fablico consumidor e atrair novos compradores. \u201cTemos trabalhos maravilhosos dos artistas e ainda muito p\u00fablico para conquistar, muitas pessoas n\u00e3o conhecem essa tradi\u00e7\u00e3o&nbsp;que temos aqui, podemos comprovar isso principalmente aos domingos, que \u00e9 nosso dia de maior movimento. N\u00e3o raro, ouvimos os turistas dizerem: \u201cnossa, porque demorei tanto para vir aqui, estou adorando tudo que vejo, quero voltar com mais tempo\u201d, em v\u00e1rias ocasi\u00f5es, fa\u00e7o&nbsp;<em>lives<\/em>&nbsp;com turistas e eles sempre comentam positivamente sobre o passeio\u201d.&nbsp;<\/p>\n\n\n\n<p>Apesar das novas regras de restri\u00e7\u00e3o, como a Fase Emergencial em S\u00e3o Paulo que pro\u00edbe a abertura de com\u00e9rcio n\u00e3o essencial, as perspectivas s\u00e3o positivas, afirma Ana, que tamb\u00e9m \u00e9 artes\u00e3.&nbsp;<\/p>\n\n\n\n<p>\u201cVamos manter a positividade e a proatividade, focados nas divulga\u00e7\u00f5es das m\u00eddias sociais, envolvendo ao m\u00e1ximo os expositores, assim como buscar orienta\u00e7\u00f5es e qualifica\u00e7\u00f5es para que todos se atualizem e mantenham-se motivados e ativos, tanto na criatividade e produ\u00e7\u00e3o, quanto&nbsp;comercialmente. Atrair novos parceiros apoiadores para as nossas a\u00e7\u00f5es interativas e promocionais. Vamos explorar tamb\u00e9m nosso momento de conquista, que tornou a feira&nbsp;Patrim\u00f4nio Cultural Imaterial do Estado de S\u00e3o Paulo, aos 52 anos\u201d.<\/p>\n\n\n\n<p>No \u00faltimo dia 9 de mar\u00e7o, a Feira de Embu das Artes foi declarada oficialmente, pelo governo do estado, Patrim\u00f4nio Cultural Imaterial do Estado de S\u00e3o Paulo, ap\u00f3s a aprova\u00e7\u00e3o pela Assembleia Legislativa, no dia 2 de fevereiro, do Projeto de Lei 918\/2016. O patrim\u00f4nio \u00e9 uma maneira de salvaguardar as express\u00f5es culturais, as tradi\u00e7\u00f5es e a ancestralidade.<\/p>\n\n\n\n<p>Edi\u00e7\u00e3o: Gra\u00e7a Adjuto<\/p>\n","protected":false},"excerpt":{"rendered":"<p>O universo do feito \u00e0 m\u00e3o \u00e9 mais um setor prejudicado pelas restri\u00e7\u00f5es Por Ludmilla<\/p>\n","protected":false},"author":2,"featured_media":11506,"comment_status":"open","ping_status":"open","sticky":false,"template":"","format":"standard","meta":{"footnotes":""},"categories":[17],"tags":[],"class_list":["post-11505","post","type-post","status-publish","format-standard","has-post-thumbnail","hentry","category-outras-noticias"],"_links":{"self":[{"href":"https:\/\/tvc16.com\/portal\/wp-json\/wp\/v2\/posts\/11505","targetHints":{"allow":["GET"]}}],"collection":[{"href":"https:\/\/tvc16.com\/portal\/wp-json\/wp\/v2\/posts"}],"about":[{"href":"https:\/\/tvc16.com\/portal\/wp-json\/wp\/v2\/types\/post"}],"author":[{"embeddable":true,"href":"https:\/\/tvc16.com\/portal\/wp-json\/wp\/v2\/users\/2"}],"replies":[{"embeddable":true,"href":"https:\/\/tvc16.com\/portal\/wp-json\/wp\/v2\/comments?post=11505"}],"version-history":[{"count":1,"href":"https:\/\/tvc16.com\/portal\/wp-json\/wp\/v2\/posts\/11505\/revisions"}],"predecessor-version":[{"id":11507,"href":"https:\/\/tvc16.com\/portal\/wp-json\/wp\/v2\/posts\/11505\/revisions\/11507"}],"wp:featuredmedia":[{"embeddable":true,"href":"https:\/\/tvc16.com\/portal\/wp-json\/wp\/v2\/media\/11506"}],"wp:attachment":[{"href":"https:\/\/tvc16.com\/portal\/wp-json\/wp\/v2\/media?parent=11505"}],"wp:term":[{"taxonomy":"category","embeddable":true,"href":"https:\/\/tvc16.com\/portal\/wp-json\/wp\/v2\/categories?post=11505"},{"taxonomy":"post_tag","embeddable":true,"href":"https:\/\/tvc16.com\/portal\/wp-json\/wp\/v2\/tags?post=11505"}],"curies":[{"name":"wp","href":"https:\/\/api.w.org\/{rel}","templated":true}]}}