{"id":11508,"date":"2021-03-19T11:41:23","date_gmt":"2021-03-19T14:41:23","guid":{"rendered":"https:\/\/tvc16.com\/portal\/?p=11508"},"modified":"2021-03-19T11:41:26","modified_gmt":"2021-03-19T14:41:26","slug":"governo-zera-imposto-de-importacao-sobre-bens-de-capital-e-informatica","status":"publish","type":"post","link":"https:\/\/tvc16.com\/portal\/2021\/03\/19\/governo-zera-imposto-de-importacao-sobre-bens-de-capital-e-informatica\/","title":{"rendered":"Governo zera Imposto de Importa\u00e7\u00e3o sobre bens de capital e inform\u00e1tica"},"content":{"rendered":"\n<h3 class=\"wp-block-heading\">Novas al\u00edquotas entram em vigor em sete dias<\/h3>\n\n\n\n<h3 class=\"wp-block-heading\">Por Andreia Verd\u00e9lio \u2013 Rep\u00f3rter da Ag\u00eancia Brasil &#8211; Bras\u00edlia<\/h3>\n\n\n\n<p>O&nbsp;<a href=\"http:\/\/pesquisa.in.gov.br\/imprensa\/jsp\/visualiza\/index.jsp?data=19\/03\/2021&amp;jornal=515&amp;pagina=14\" target=\"_blank\" rel=\"noreferrer noopener\"><em>Di\u00e1rio Oficial da Uni\u00e3o<\/em><\/a>&nbsp;publicou hoje (19) resolu\u00e7\u00f5es que reduzem e zeram as al\u00edquotas do Imposto de Importa\u00e7\u00e3o sobre diversos bens de capital e equipamentos de inform\u00e1tica e telecomunica\u00e7\u00f5es. A medida foi<a href=\"http:\/\/agenciabrasil.ebc.com.br\/economia\/noticia\/2021-03\/maquinas-computadores-e-celulares-tem-tarifas-reduzidas-em-10\" target=\"_blank\" rel=\"noreferrer noopener\">&nbsp;anunciada<\/a>&nbsp;na \u00faltima quarta-feira (17), ap\u00f3s ser aprovada pelo Comit\u00ea Executivo de Gest\u00e3o (Gecex), da C\u00e2mara de Com\u00e9rcio Exterior do Minist\u00e9rio da Economia (Camex).<img decoding=\"async\" src=\"https:\/\/agenciabrasil.ebc.com.br\/ebc.png?id=1404435&amp;o=node\"><img decoding=\"async\" src=\"https:\/\/agenciabrasil.ebc.com.br\/ebc.gif?id=1404435&amp;o=node\"><\/p>\n\n\n\n<p>As novas al\u00edquotas entram em vigor em sete dias. Os bens de capital s\u00e3o m\u00e1quinas e equipamentos usados na produ\u00e7\u00e3o. Em nota, na ocasi\u00e3o da aprova\u00e7\u00e3o na Camex, o Minist\u00e9rio da Economia informou que a medida vai reduzir custos e aumentar a competitividade de diversos setores da economia e beneficiar os consumidores, que pagar\u00e3o menos para comprar itens como computadores e celulares. Por causa da desvaloriza\u00e7\u00e3o do real no \u00faltimo ano, esses produtos tiveram alta consider\u00e1vel de pre\u00e7os no pa\u00eds.<\/p>\n\n\n\n<p>As&nbsp;<a href=\"http:\/\/in.gov.br\/en\/web\/dou\/-\/resolucao-gecex-n-171-de-18-de-marco-de-2021-309339232\" target=\"_blank\" rel=\"noreferrer noopener\">resolu\u00e7\u00f5es n\u00ba 171\/21<\/a>&nbsp;e<a href=\"http:\/\/in.gov.br\/en\/web\/dou\/-\/resolucao-gecex-n-172-de-18-de-marco-de-2021-309310272\" target=\"_blank\" rel=\"noreferrer noopener\">&nbsp;n\u00ba 172\/21<\/a>&nbsp;especificam os bens de capital, de diversos setores, e equipamentos de inform\u00e1tica e telecomunica\u00e7\u00f5es que tiveram as al\u00edquotas zeradas.<\/p>\n\n\n\n<p>No caso da&nbsp;<a href=\"http:\/\/in.gov.br\/web\/dou\/-\/resolucao-gecex-n-173-de-18-de-marco-de-2021-309309281\" target=\"_blank\" rel=\"noreferrer noopener\">Resolu\u00e7\u00e3o n\u00ba 173\/21<\/a>, s\u00e3o os produtos que tiveram a al\u00edquota de importa\u00e7\u00e3o reduzida. De acordo com o Minist\u00e9rio da Economia, os pre\u00e7os dever\u00e3o ficar de 2% a 5% mais baratos para o consumidor e a medida provocar\u00e1 perda de arrecada\u00e7\u00e3o de R$ 1,4 bilh\u00e3o este ano. Como a mudan\u00e7a ocorreu num imposto regulat\u00f3rio (usado para regular a economia), o governo n\u00e3o precisa elevar outros impostos ou cortar gastos para compensar a perda de arrecada\u00e7\u00e3o, como determina a Lei de Responsabilidade Fiscal para os demais tipos de tributos.<\/p>\n\n\n\n<p>Atualmente, as tarifas de importa\u00e7\u00e3o desses produtos variam de zero a 16% para as mercadorias que pagam a tarifa externa comum (TEC) do Mercosul, e agora v\u00e3o variar de zero a 14,4%. Com a redu\u00e7\u00e3o, uma m\u00e1quina que paga 10% de imposto para entrar no pa\u00eds pagar\u00e1 9%. Um eletr\u00f4nico tarifado em 16% passar\u00e1 a ser tarifado em 14,4%. Os itens com tarifas em 2% ter\u00e3o redu\u00e7\u00e3o maior e a al\u00edquota zerada.<\/p>\n\n\n\n<p>Entre os produtos beneficiados est\u00e3o celulares e computadores do tipo laptop, equipamentos m\u00e9dicos de raio-X e microsc\u00f3pios \u00f3pticos, m\u00e1quinas para panifica\u00e7\u00e3o e fabrica\u00e7\u00e3o de cerveja e bens de capital relacionados \u00e0 constru\u00e7\u00e3o civil, como guindastes, escavadeiras, empilhadeiras, locomotivas e cont\u00eaineres.<\/p>\n\n\n\n<h2 class=\"wp-block-heading\">Biclicletas<\/h2>\n\n\n\n<p>A&nbsp;<a href=\"http:\/\/in.gov.br\/en\/web\/dou\/-\/resolucao-gecex-n-170-de-18-de-marco-de-2021-309293720\" target=\"_blank\" rel=\"noreferrer noopener\">Resolu\u00e7\u00e3o n\u00ba 170\/21<\/a>, tamb\u00e9m publicada nesta sexta-feira, altera para 31,5% a tarifa sobre bicicletas importadas. Na reuni\u00e3o desta semana, a Camex decidiu revogar a<a href=\"http:\/\/in.gov.br\/web\/dou\/-\/resolucao-gecex-n-159-de-17-de-fevereiro-de-2021-304156864\" target=\"_blank\" rel=\"noreferrer noopener\">&nbsp;resolu\u00e7\u00e3o de fevereiro<\/a>&nbsp;que reduzia o Imposto de Importa\u00e7\u00e3o de bicicletas para 30% este m\u00eas e 25% em julho. Anunciada no m\u00eas passado pelo presidente&nbsp;<a href=\"http:\/\/agenciabrasil.ebc.com.br\/politica\/noticia\/2021-02\/bolsonaro-anuncia-reducao-no-imposto-de-importacao-de-bicicletas\" target=\"_blank\" rel=\"noreferrer noopener\">Jair Bolsonaro<\/a>, a medida que reduzia progressivamente a tarifa, at\u00e9 alcan\u00e7ar 20%, vinha sendo criticada pelos fabricantes brasileiros, principalmente da Zona Franca de Manaus.<\/p>\n\n\n\n<p>Edi\u00e7\u00e3o: Kleber Sampaio<\/p>\n","protected":false},"excerpt":{"rendered":"<p>Novas al\u00edquotas entram em vigor em sete dias Por Andreia Verd\u00e9lio \u2013 Rep\u00f3rter da Ag\u00eancia<\/p>\n","protected":false},"author":2,"featured_media":11509,"comment_status":"open","ping_status":"open","sticky":false,"template":"","format":"standard","meta":{"footnotes":""},"categories":[17],"tags":[],"class_list":["post-11508","post","type-post","status-publish","format-standard","has-post-thumbnail","hentry","category-outras-noticias"],"_links":{"self":[{"href":"https:\/\/tvc16.com\/portal\/wp-json\/wp\/v2\/posts\/11508","targetHints":{"allow":["GET"]}}],"collection":[{"href":"https:\/\/tvc16.com\/portal\/wp-json\/wp\/v2\/posts"}],"about":[{"href":"https:\/\/tvc16.com\/portal\/wp-json\/wp\/v2\/types\/post"}],"author":[{"embeddable":true,"href":"https:\/\/tvc16.com\/portal\/wp-json\/wp\/v2\/users\/2"}],"replies":[{"embeddable":true,"href":"https:\/\/tvc16.com\/portal\/wp-json\/wp\/v2\/comments?post=11508"}],"version-history":[{"count":1,"href":"https:\/\/tvc16.com\/portal\/wp-json\/wp\/v2\/posts\/11508\/revisions"}],"predecessor-version":[{"id":11510,"href":"https:\/\/tvc16.com\/portal\/wp-json\/wp\/v2\/posts\/11508\/revisions\/11510"}],"wp:featuredmedia":[{"embeddable":true,"href":"https:\/\/tvc16.com\/portal\/wp-json\/wp\/v2\/media\/11509"}],"wp:attachment":[{"href":"https:\/\/tvc16.com\/portal\/wp-json\/wp\/v2\/media?parent=11508"}],"wp:term":[{"taxonomy":"category","embeddable":true,"href":"https:\/\/tvc16.com\/portal\/wp-json\/wp\/v2\/categories?post=11508"},{"taxonomy":"post_tag","embeddable":true,"href":"https:\/\/tvc16.com\/portal\/wp-json\/wp\/v2\/tags?post=11508"}],"curies":[{"name":"wp","href":"https:\/\/api.w.org\/{rel}","templated":true}]}}