{"id":1151,"date":"2020-09-24T15:59:27","date_gmt":"2020-09-24T15:59:27","guid":{"rendered":"https:\/\/tvc16.com\/portal\/?p=1151"},"modified":"2020-09-24T15:59:27","modified_gmt":"2020-09-24T15:59:27","slug":"homem-que-assaltou-estabelecimentos-em-petropolis-e-preso","status":"publish","type":"post","link":"https:\/\/tvc16.com\/portal\/2020\/09\/24\/homem-que-assaltou-estabelecimentos-em-petropolis-e-preso\/","title":{"rendered":"Homem que assaltou estabelecimentos em Petr\u00f3polis \u00e9 preso"},"content":{"rendered":"\n<p>Policiais Civis da 105\u00aa DP (Petr\u00f3polis), com o apoio de policiais militares, cumpriram, na manh\u00e3 e hoje (24), no bairro Independ\u00eancia, um mandado de pris\u00e3o preventiva contra dois homens que assaltaram uma joalheira no Centro e uma padaria na Castel\u00e2nea. Um dos acusados n\u00e3o foi encontrado e por isso \u00e9 considerado foragido pela Pol\u00edcia Civil.<\/p>\n\n\n\n<p>O assalto a joalheira, localizada na Pra\u00e7a Prefeito Alcindo Sodr\u00e9, ocorreu no dia 16 de julho, por volta das 13h30. A dupla chegou ao local, supostamente interessada em ver alian\u00e7as, mas assim que a corrente que d\u00e1 acesso ao balc\u00e3o foi retirada foi anunciado o roubo. Um dos acusados estava armado e rendeu o funcion\u00e1rio da loja. O outro aproveitou para exigir que as joias fossem colocadas dentro de uma mochila. Em seguida eles fugiram em uma motocicleta.<\/p>\n\n\n\n<p>O crime foi gravado pelas c\u00e2meras de seguran\u00e7a da galeria onde se localiza o estabelecimento. Durante as investiga\u00e7\u00f5es os homens foram identificados e reconhecidos pelas v\u00edtimas. Al\u00e9m disso, os policiais descobriram que os acusados j\u00e1 eram investigados em outro assalto cometido em uma padaria, na Castel\u00e2nea.<\/p>\n\n\n\n<p>Al\u00e9m disso, a pol\u00edcia informou que a dupla tamb\u00e9m \u00e9 investigada por ter participado de um roubo na loja IA\u00ca, na Rua Dezesseis de Mar\u00e7o, no dia 09 deste m\u00eas. O homem que foi preso nesta quinta-feira (24), \u00e9 irm\u00e3o de outro assaltante, preso no in\u00edcio deste m\u00eas por ter roubado uma pizzaria, no Valpara\u00edso, no dia 28 de agosto.<\/p>\n","protected":false},"excerpt":{"rendered":"<p>Policiais Civis da 105\u00aa DP (Petr\u00f3polis), com o apoio de policiais militares, cumpriram, na manh\u00e3<\/p>\n","protected":false},"author":2,"featured_media":1152,"comment_status":"open","ping_status":"open","sticky":false,"template":"","format":"standard","meta":{"footnotes":""},"categories":[12],"tags":[],"class_list":["post-1151","post","type-post","status-publish","format-standard","has-post-thumbnail","hentry","category-cidade"],"_links":{"self":[{"href":"https:\/\/tvc16.com\/portal\/wp-json\/wp\/v2\/posts\/1151","targetHints":{"allow":["GET"]}}],"collection":[{"href":"https:\/\/tvc16.com\/portal\/wp-json\/wp\/v2\/posts"}],"about":[{"href":"https:\/\/tvc16.com\/portal\/wp-json\/wp\/v2\/types\/post"}],"author":[{"embeddable":true,"href":"https:\/\/tvc16.com\/portal\/wp-json\/wp\/v2\/users\/2"}],"replies":[{"embeddable":true,"href":"https:\/\/tvc16.com\/portal\/wp-json\/wp\/v2\/comments?post=1151"}],"version-history":[{"count":1,"href":"https:\/\/tvc16.com\/portal\/wp-json\/wp\/v2\/posts\/1151\/revisions"}],"predecessor-version":[{"id":1153,"href":"https:\/\/tvc16.com\/portal\/wp-json\/wp\/v2\/posts\/1151\/revisions\/1153"}],"wp:featuredmedia":[{"embeddable":true,"href":"https:\/\/tvc16.com\/portal\/wp-json\/wp\/v2\/media\/1152"}],"wp:attachment":[{"href":"https:\/\/tvc16.com\/portal\/wp-json\/wp\/v2\/media?parent=1151"}],"wp:term":[{"taxonomy":"category","embeddable":true,"href":"https:\/\/tvc16.com\/portal\/wp-json\/wp\/v2\/categories?post=1151"},{"taxonomy":"post_tag","embeddable":true,"href":"https:\/\/tvc16.com\/portal\/wp-json\/wp\/v2\/tags?post=1151"}],"curies":[{"name":"wp","href":"https:\/\/api.w.org\/{rel}","templated":true}]}}