{"id":11511,"date":"2021-03-19T11:42:19","date_gmt":"2021-03-19T14:42:19","guid":{"rendered":"https:\/\/tvc16.com\/portal\/?p=11511"},"modified":"2021-03-19T11:42:21","modified_gmt":"2021-03-19T14:42:21","slug":"governo-veta-lei-que-da-a-estudantes-acesso-gratuito-a-internet","status":"publish","type":"post","link":"https:\/\/tvc16.com\/portal\/2021\/03\/19\/governo-veta-lei-que-da-a-estudantes-acesso-gratuito-a-internet\/","title":{"rendered":"Governo veta lei que d\u00e1 a estudantes acesso gratuito \u00e0 internet"},"content":{"rendered":"\n<h3 class=\"wp-block-heading\">Justificativa \u00e9 que medida dificultaria cumprimento da meta fiscal<\/h3>\n\n\n\n<ul class=\"wp-block-list\"><li>Por Andreia Verd\u00e9lio &#8211; Rep\u00f3rter da Ag\u00eancia Brasil &#8211; Bras\u00edlia<\/li><\/ul>\n\n\n\n<p>O presidente Jair Bolsonaro vetou, integralmente, o Projeto de Lei n\u00ba 3.477\/20, que prev\u00ea o acesso \u00e0 internet, com fins educacionais, a alunos e professores da rede p\u00fablica de educa\u00e7\u00e3o. O texto, aprovado em fevereiro pelo Congresso, define que o governo federal destine recursos para estados e munic\u00edpios aplicarem em a\u00e7\u00f5es que garantam&nbsp;<a href=\"https:\/\/agenciabrasil.ebc.com.br\/politica\/noticia\/2021-02\/lei-que-da-acesso-gratuito-de-estudantes-internet-vai-sancao\" target=\"_blank\" rel=\"noreferrer noopener\">internet gratuita<\/a>, em raz\u00e3o da ado\u00e7\u00e3o do ensino remoto durante a pandemia de covid-19.<img decoding=\"async\" src=\"https:\/\/agenciabrasil.ebc.com.br\/ebc.png?id=1404428&amp;o=node\"><img decoding=\"async\" src=\"https:\/\/agenciabrasil.ebc.com.br\/ebc.gif?id=1404428&amp;o=node\"><\/p>\n\n\n\n<p>Em mensagem aos parlamentares, publicada&nbsp;hoje&nbsp;(19) no&nbsp;<a href=\"https:\/\/www.in.gov.br\/en\/web\/dou\/-\/despacho-do-presidente-da-republica-309292660\" target=\"_blank\" rel=\"noreferrer noopener\"><em>Di\u00e1rio Oficial da Uni\u00e3o<\/em><\/a>, Bolsonaro diz que a medida \u00e9 inconstitucional e contraria o interesse p\u00fablico ao aumentar a \u201calta rigidez do Or\u00e7amento, o que dificulta o cumprimento da meta fiscal e da Regra de Ouro\u201d. Al\u00e9m disso, contraria a Lei de Responsabilidade Fiscal, pois o texto n\u00e3o apresenta a estimativa do respectivo impacto or\u00e7ament\u00e1rio e financeiro.<\/p>\n\n\n\n<p>\u201cPor fim, o governo federal est\u00e1 empregando esfor\u00e7os para aprimorar e ampliar programas espec\u00edficos para atender \u00e0&nbsp;demanda da sociedade, por meio da contrata\u00e7\u00e3o de servi\u00e7os de acesso \u00e0 internet em banda larga nas escolas p\u00fablicas de educa\u00e7\u00e3o b\u00e1sica, a exemplo do Programa de Inova\u00e7\u00e3o Educa\u00e7\u00e3o Conectada (PIEC), institu\u00eddo pelo Decreto n\u00ba 9.204, de 2017, e do Programa Banda Larga nas Escolas (PBLE), bem como do Programa Brasil de Aprendizagem, em fase de elabora\u00e7\u00e3o&nbsp;no Minist\u00e9rio da Educa\u00e7\u00e3o\u201d, diz a mensagem.<\/p>\n\n\n\n<p>Al\u00e9m da internet, a proposta prev\u00ea a aquisi\u00e7\u00e3o de&nbsp;<em>tablets<\/em>&nbsp;para todos os estudantes do ensino m\u00e9dio da rede p\u00fablica vinculados ao Cadastro \u00danico para Programas Sociais do Governo Federal (Cad\u00danico), tomando como refer\u00eancia o pre\u00e7o de R$ 520 por equipamento.<\/p>\n\n\n\n<p>De acordo com o&nbsp;<a href=\"https:\/\/www.camara.leg.br\/proposicoesWeb\/prop_mostrarintegra;jsessionid=node0e0u8x1yuo88ir4ozwk3kzzbz1254552.node0?codteor=1907060&amp;filename=PL+3477\/2020\" target=\"_blank\" rel=\"noreferrer noopener\">texto<\/a>,&nbsp;a estimativa do impacto or\u00e7ament\u00e1rio e financeiro da proposta \u00e9 de R$ 26,6 bilh\u00f5es. Os custos seriam cobertos com recursos do Fundo de Universaliza\u00e7\u00e3o dos Servi\u00e7os de Telecomunica\u00e7\u00f5es (Fust), doa\u00e7\u00f5es e outros recursos previstos na lei or\u00e7ament\u00e1ria.<\/p>\n\n\n\n<p>O veto ao projeto ainda ser\u00e1 analisado pelos parlamentares, que poder\u00e3o mant\u00ea-lo ou derrub\u00e1-lo.<\/p>\n\n\n\n<p>Edi\u00e7\u00e3o: Gra\u00e7a Adjuto<\/p>\n","protected":false},"excerpt":{"rendered":"<p>Justificativa \u00e9 que medida dificultaria cumprimento da meta fiscal Por Andreia Verd\u00e9lio &#8211; Rep\u00f3rter da<\/p>\n","protected":false},"author":2,"featured_media":11512,"comment_status":"open","ping_status":"open","sticky":false,"template":"","format":"standard","meta":{"footnotes":""},"categories":[17],"tags":[],"class_list":["post-11511","post","type-post","status-publish","format-standard","has-post-thumbnail","hentry","category-outras-noticias"],"_links":{"self":[{"href":"https:\/\/tvc16.com\/portal\/wp-json\/wp\/v2\/posts\/11511","targetHints":{"allow":["GET"]}}],"collection":[{"href":"https:\/\/tvc16.com\/portal\/wp-json\/wp\/v2\/posts"}],"about":[{"href":"https:\/\/tvc16.com\/portal\/wp-json\/wp\/v2\/types\/post"}],"author":[{"embeddable":true,"href":"https:\/\/tvc16.com\/portal\/wp-json\/wp\/v2\/users\/2"}],"replies":[{"embeddable":true,"href":"https:\/\/tvc16.com\/portal\/wp-json\/wp\/v2\/comments?post=11511"}],"version-history":[{"count":1,"href":"https:\/\/tvc16.com\/portal\/wp-json\/wp\/v2\/posts\/11511\/revisions"}],"predecessor-version":[{"id":11513,"href":"https:\/\/tvc16.com\/portal\/wp-json\/wp\/v2\/posts\/11511\/revisions\/11513"}],"wp:featuredmedia":[{"embeddable":true,"href":"https:\/\/tvc16.com\/portal\/wp-json\/wp\/v2\/media\/11512"}],"wp:attachment":[{"href":"https:\/\/tvc16.com\/portal\/wp-json\/wp\/v2\/media?parent=11511"}],"wp:term":[{"taxonomy":"category","embeddable":true,"href":"https:\/\/tvc16.com\/portal\/wp-json\/wp\/v2\/categories?post=11511"},{"taxonomy":"post_tag","embeddable":true,"href":"https:\/\/tvc16.com\/portal\/wp-json\/wp\/v2\/tags?post=11511"}],"curies":[{"name":"wp","href":"https:\/\/api.w.org\/{rel}","templated":true}]}}