{"id":11514,"date":"2021-03-19T11:43:16","date_gmt":"2021-03-19T14:43:16","guid":{"rendered":"https:\/\/tvc16.com\/portal\/?p=11514"},"modified":"2021-03-19T11:43:19","modified_gmt":"2021-03-19T14:43:19","slug":"confianca-da-industria-cai-4-pontos-na-previa-de-marco","status":"publish","type":"post","link":"https:\/\/tvc16.com\/portal\/2021\/03\/19\/confianca-da-industria-cai-4-pontos-na-previa-de-marco\/","title":{"rendered":"Confian\u00e7a da ind\u00fastria cai 4 pontos na pr\u00e9via de mar\u00e7o"},"content":{"rendered":"\n<h3 class=\"wp-block-heading\">Indicador recua para 103,9 pontos em uma escala de zero a 200<\/h3>\n\n\n\n<h4 class=\"wp-block-heading\">Por Vitor Abdala &#8211; Rep\u00f3rter da Ag\u00eancia Brasil &#8211; Rio de Janeiro<\/h4>\n\n\n\n<p>O \u00cdndice de Confian\u00e7a da Ind\u00fastria, medido pela Funda\u00e7\u00e3o Getulio Vargas (FGV), teve queda de 4 pontos na pr\u00e9via de mar\u00e7o deste ano, na compara\u00e7\u00e3o com o resultado consolidado de fevereiro. Assim, o indicador recuou para 103,9 pontos, em uma escala de zero a 200, o menor patamar desde agosto de 2020 (98,7 pontos).<img decoding=\"async\" src=\"https:\/\/agenciabrasil.ebc.com.br\/ebc.png?id=1404425&amp;o=node\"><img decoding=\"async\" src=\"https:\/\/agenciabrasil.ebc.com.br\/ebc.gif?id=1404425&amp;o=node\"><\/p>\n\n\n\n<p>A retra\u00e7\u00e3o foi provocada pela piora tanto da confian\u00e7a do empres\u00e1rio da ind\u00fastria no momento atual quanto do otimismo em rela\u00e7\u00e3o ao futuro.<\/p>\n\n\n\n<p>O \u00cdndice de Situa\u00e7\u00e3o Atual caiu 4,1 pontos e chegou a 110,8. O \u00cdndice de Expectativas recuou 4 pontos indo para 96,9 pontos.<\/p>\n\n\n\n<p>O dado preliminar do N\u00edvel de Utiliza\u00e7\u00e3o da Capacidade Instalada da Ind\u00fastria indica redu\u00e7\u00e3o de 0,7 ponto percentual, para 78,4%, menor n\u00edvel desde setembro de 2020 (78,2%).<\/p>\n\n\n\n<p>Edi\u00e7\u00e3o: Kleber Sampaio<\/p>\n","protected":false},"excerpt":{"rendered":"<p>Indicador recua para 103,9 pontos em uma escala de zero a 200 Por Vitor Abdala<\/p>\n","protected":false},"author":2,"featured_media":11515,"comment_status":"open","ping_status":"open","sticky":false,"template":"","format":"standard","meta":{"footnotes":""},"categories":[17],"tags":[],"class_list":["post-11514","post","type-post","status-publish","format-standard","has-post-thumbnail","hentry","category-outras-noticias"],"_links":{"self":[{"href":"https:\/\/tvc16.com\/portal\/wp-json\/wp\/v2\/posts\/11514","targetHints":{"allow":["GET"]}}],"collection":[{"href":"https:\/\/tvc16.com\/portal\/wp-json\/wp\/v2\/posts"}],"about":[{"href":"https:\/\/tvc16.com\/portal\/wp-json\/wp\/v2\/types\/post"}],"author":[{"embeddable":true,"href":"https:\/\/tvc16.com\/portal\/wp-json\/wp\/v2\/users\/2"}],"replies":[{"embeddable":true,"href":"https:\/\/tvc16.com\/portal\/wp-json\/wp\/v2\/comments?post=11514"}],"version-history":[{"count":1,"href":"https:\/\/tvc16.com\/portal\/wp-json\/wp\/v2\/posts\/11514\/revisions"}],"predecessor-version":[{"id":11516,"href":"https:\/\/tvc16.com\/portal\/wp-json\/wp\/v2\/posts\/11514\/revisions\/11516"}],"wp:featuredmedia":[{"embeddable":true,"href":"https:\/\/tvc16.com\/portal\/wp-json\/wp\/v2\/media\/11515"}],"wp:attachment":[{"href":"https:\/\/tvc16.com\/portal\/wp-json\/wp\/v2\/media?parent=11514"}],"wp:term":[{"taxonomy":"category","embeddable":true,"href":"https:\/\/tvc16.com\/portal\/wp-json\/wp\/v2\/categories?post=11514"},{"taxonomy":"post_tag","embeddable":true,"href":"https:\/\/tvc16.com\/portal\/wp-json\/wp\/v2\/tags?post=11514"}],"curies":[{"name":"wp","href":"https:\/\/api.w.org\/{rel}","templated":true}]}}