{"id":11517,"date":"2021-03-19T11:44:17","date_gmt":"2021-03-19T14:44:17","guid":{"rendered":"https:\/\/tvc16.com\/portal\/?p=11517"},"modified":"2021-03-19T11:44:19","modified_gmt":"2021-03-19T14:44:19","slug":"cidade-do-rio-vacina-hoje-homens-de-75-anos-contra-covid-19","status":"publish","type":"post","link":"https:\/\/tvc16.com\/portal\/2021\/03\/19\/cidade-do-rio-vacina-hoje-homens-de-75-anos-contra-covid-19\/","title":{"rendered":"Cidade do Rio vacina hoje homens de 75 anos contra covid-19"},"content":{"rendered":"\n<h3 class=\"wp-block-heading\">Ontem foram vacinadas as mulheres<\/h3>\n\n\n\n<h4 class=\"wp-block-heading\">Por Vitor Abdala &#8211; Rep\u00f3rter da Ag\u00eancia Brasil &#8211; Rio de Janeiro<\/h4>\n\n\n\n<p>O munic\u00edpio do Rio de Janeiro vacina hoje (19) homens de 75 anos contra a covid-19. Ontem foram vacinadas as mulheres. A divis\u00e3o por g\u00eanero foi adotada pela prefeitura para evitar aglomera\u00e7\u00f5es nos pontos de vacina\u00e7\u00e3o. Amanh\u00e3, ser\u00e1 a vez da repescagem para homens e mulheres com mais de 75 anos.<img decoding=\"async\" src=\"https:\/\/agenciabrasil.ebc.com.br\/ebc.png?id=1404427&amp;o=node\"><img decoding=\"async\" src=\"https:\/\/agenciabrasil.ebc.com.br\/ebc.gif?id=1404427&amp;o=node\"><\/p>\n\n\n\n<p>A previs\u00e3o da prefeitura \u00e9 vacinar todos os homens e mulheres com 70 anos ou mais at\u00e9 o dia 3 de abril, segundo o seguinte calend\u00e1rio: mulheres com 74 anos (dia 22), homens com 74 (dia 23), repescagem para homens e mulheres com mais de 74 (dia 24), mulheres com 73 (dia 25), homens com 73 (dia 26), repescagem para 73 anos ou mais (dia 28), mulheres com 72 (dia 29), homens com 72 (dia 30), mulheres com 71 (dia 31), homens com 71 (dia 1o), mulheres com 70 (dia 2) e homens com 70 (dia 3).<\/p>\n\n\n\n<h2 class=\"wp-block-heading\">Cons\u00f3rcio<\/h2>\n\n\n\n<p>O prefeito do Rio de Janeiro, Eduardo Paes, tamb\u00e9m sancionou e publicou, no&nbsp;<em>Di\u00e1rio Oficial do Munic\u00edpio<\/em>&nbsp;de hoje, a lei que permite que a cidade compre vacinas, atrav\u00e9s do cons\u00f3rcio de prefeituras, caso haja imunizantes insuficientes ou atrasos nas entregas pelo Minist\u00e9rio da Sa\u00fade.<\/p>\n\n\n\n<p>Edi\u00e7\u00e3o: Val\u00e9ria Aguiar<\/p>\n","protected":false},"excerpt":{"rendered":"<p>Ontem foram vacinadas as mulheres Por Vitor Abdala &#8211; Rep\u00f3rter da Ag\u00eancia Brasil &#8211; Rio<\/p>\n","protected":false},"author":2,"featured_media":11518,"comment_status":"open","ping_status":"open","sticky":false,"template":"","format":"standard","meta":{"footnotes":""},"categories":[17],"tags":[],"class_list":["post-11517","post","type-post","status-publish","format-standard","has-post-thumbnail","hentry","category-outras-noticias"],"_links":{"self":[{"href":"https:\/\/tvc16.com\/portal\/wp-json\/wp\/v2\/posts\/11517","targetHints":{"allow":["GET"]}}],"collection":[{"href":"https:\/\/tvc16.com\/portal\/wp-json\/wp\/v2\/posts"}],"about":[{"href":"https:\/\/tvc16.com\/portal\/wp-json\/wp\/v2\/types\/post"}],"author":[{"embeddable":true,"href":"https:\/\/tvc16.com\/portal\/wp-json\/wp\/v2\/users\/2"}],"replies":[{"embeddable":true,"href":"https:\/\/tvc16.com\/portal\/wp-json\/wp\/v2\/comments?post=11517"}],"version-history":[{"count":1,"href":"https:\/\/tvc16.com\/portal\/wp-json\/wp\/v2\/posts\/11517\/revisions"}],"predecessor-version":[{"id":11519,"href":"https:\/\/tvc16.com\/portal\/wp-json\/wp\/v2\/posts\/11517\/revisions\/11519"}],"wp:featuredmedia":[{"embeddable":true,"href":"https:\/\/tvc16.com\/portal\/wp-json\/wp\/v2\/media\/11518"}],"wp:attachment":[{"href":"https:\/\/tvc16.com\/portal\/wp-json\/wp\/v2\/media?parent=11517"}],"wp:term":[{"taxonomy":"category","embeddable":true,"href":"https:\/\/tvc16.com\/portal\/wp-json\/wp\/v2\/categories?post=11517"},{"taxonomy":"post_tag","embeddable":true,"href":"https:\/\/tvc16.com\/portal\/wp-json\/wp\/v2\/tags?post=11517"}],"curies":[{"name":"wp","href":"https:\/\/api.w.org\/{rel}","templated":true}]}}