{"id":11527,"date":"2021-03-19T11:49:31","date_gmt":"2021-03-19T14:49:31","guid":{"rendered":"https:\/\/tvc16.com\/portal\/?p=11527"},"modified":"2021-03-19T11:49:33","modified_gmt":"2021-03-19T14:49:33","slug":"covid-19-prefeitura-do-rio-proibe-permanencia-nas-praias","status":"publish","type":"post","link":"https:\/\/tvc16.com\/portal\/2021\/03\/19\/covid-19-prefeitura-do-rio-proibe-permanencia-nas-praias\/","title":{"rendered":"Covid-19: prefeitura do Rio pro\u00edbe perman\u00eancia nas praias"},"content":{"rendered":"\n<h3 class=\"wp-block-heading\">Medida \u00e9 para evitar a propaga\u00e7\u00e3o do novo coronav\u00edrus<\/h3>\n\n\n\n<h4 class=\"wp-block-heading\">Por Vitor Abdala &#8211; Rep\u00f3rter da Ag\u00eancia Brasil &#8211; Rio de Janeiro<\/h4>\n\n\n\n<p>Um decreto da prefeitura do Rio de Janeiro pro\u00edbe, a partir de amanh\u00e3 (20), a perman\u00eancia nas areias das praias da cidade, como forma de evitar a propaga\u00e7\u00e3o do novo coronav\u00edrus. Est\u00e3o proibidos tamb\u00e9m banho de mar, o com\u00e9rcio nas areias e a pr\u00e1tica de esportes.<img decoding=\"async\" src=\"https:\/\/agenciabrasil.ebc.com.br\/ebc.png?id=1404416&amp;o=node\"><img decoding=\"async\" src=\"https:\/\/agenciabrasil.ebc.com.br\/ebc.gif?id=1404416&amp;o=node\"><\/p>\n\n\n\n<p>No domingo, as pistas de rolamento da orla da zona sul, que costuma fechar parcialmente para lazer, permanecer\u00e3o abertas, para evitar aglomera\u00e7\u00e3o nesses locais.<\/p>\n\n\n\n<p>A prefeitura tamb\u00e9m decidiu proibir o estacionamento na orla, com exce\u00e7\u00e3o para moradores, idosos, portadores de necessidades especiais, h\u00f3spedes de hot\u00e9is e t\u00e1xis.<\/p>\n\n\n\n<p>\u00d4nibus e outros ve\u00edculos de fretamento est\u00e3o proibidos no munic\u00edpio, com exce\u00e7\u00e3o daqueles que prestam servi\u00e7o a empresas e hot\u00e9is. A princ\u00edpio, a medida vale at\u00e9 segunda-feira (22).<\/p>\n\n\n\n<p>Edi\u00e7\u00e3o: Kleber Sampaio<\/p>\n","protected":false},"excerpt":{"rendered":"<p>Medida \u00e9 para evitar a propaga\u00e7\u00e3o do novo coronav\u00edrus Por Vitor Abdala &#8211; Rep\u00f3rter da<\/p>\n","protected":false},"author":2,"featured_media":11528,"comment_status":"open","ping_status":"open","sticky":false,"template":"","format":"standard","meta":{"footnotes":""},"categories":[17],"tags":[],"class_list":["post-11527","post","type-post","status-publish","format-standard","has-post-thumbnail","hentry","category-outras-noticias"],"_links":{"self":[{"href":"https:\/\/tvc16.com\/portal\/wp-json\/wp\/v2\/posts\/11527","targetHints":{"allow":["GET"]}}],"collection":[{"href":"https:\/\/tvc16.com\/portal\/wp-json\/wp\/v2\/posts"}],"about":[{"href":"https:\/\/tvc16.com\/portal\/wp-json\/wp\/v2\/types\/post"}],"author":[{"embeddable":true,"href":"https:\/\/tvc16.com\/portal\/wp-json\/wp\/v2\/users\/2"}],"replies":[{"embeddable":true,"href":"https:\/\/tvc16.com\/portal\/wp-json\/wp\/v2\/comments?post=11527"}],"version-history":[{"count":1,"href":"https:\/\/tvc16.com\/portal\/wp-json\/wp\/v2\/posts\/11527\/revisions"}],"predecessor-version":[{"id":11529,"href":"https:\/\/tvc16.com\/portal\/wp-json\/wp\/v2\/posts\/11527\/revisions\/11529"}],"wp:featuredmedia":[{"embeddable":true,"href":"https:\/\/tvc16.com\/portal\/wp-json\/wp\/v2\/media\/11528"}],"wp:attachment":[{"href":"https:\/\/tvc16.com\/portal\/wp-json\/wp\/v2\/media?parent=11527"}],"wp:term":[{"taxonomy":"category","embeddable":true,"href":"https:\/\/tvc16.com\/portal\/wp-json\/wp\/v2\/categories?post=11527"},{"taxonomy":"post_tag","embeddable":true,"href":"https:\/\/tvc16.com\/portal\/wp-json\/wp\/v2\/tags?post=11527"}],"curies":[{"name":"wp","href":"https:\/\/api.w.org\/{rel}","templated":true}]}}