{"id":11530,"date":"2021-03-19T11:50:35","date_gmt":"2021-03-19T14:50:35","guid":{"rendered":"https:\/\/tvc16.com\/portal\/?p=11530"},"modified":"2021-03-19T11:50:38","modified_gmt":"2021-03-19T14:50:38","slug":"media-de-mortes-por-covid-19-duplica-em-um-mes-diz-fiocruz","status":"publish","type":"post","link":"https:\/\/tvc16.com\/portal\/2021\/03\/19\/media-de-mortes-por-covid-19-duplica-em-um-mes-diz-fiocruz\/","title":{"rendered":"M\u00e9dia de mortes por covid-19 duplica em um m\u00eas, diz Fiocruz"},"content":{"rendered":"\n<h3 class=\"wp-block-heading\">O n\u00famero \u00e9 o dobro do observado h\u00e1 um m\u00eas (1.036 \u00f3bitos)<\/h3>\n\n\n\n<h3 class=\"wp-block-heading\">Por Vitor Abdala &#8211; Rep\u00f3rter da Ag\u00eancia Brasil &#8211; Rio de Janeiro<\/h3>\n\n\n\n<p>O pa\u00eds registrou ontem (18) 2.087 mortes por covid-19, segundo a m\u00e9dia m\u00f3vel de sete dias, da Funda\u00e7\u00e3o Oswaldo Cruz (Fiocruz). O n\u00famero \u00e9 o dobro do observado h\u00e1 um m\u00eas (1.036 \u00f3bitos) e 54% superior \u00e0s mortes de duas semanas antes (1.353).<img decoding=\"async\" src=\"https:\/\/agenciabrasil.ebc.com.br\/ebc.png?id=1404418&amp;o=node\"><img decoding=\"async\" src=\"https:\/\/agenciabrasil.ebc.com.br\/ebc.gif?id=1404418&amp;o=node\"><\/p>\n\n\n\n<p>Ontem foi o 23\u00ba dia consecutivo de recordes na m\u00e9dia de mortes. O n\u00famero de casos tamb\u00e9m atingiu um novo recorde nessa quinta-feira (71.871, segundo a m\u00e9dia m\u00f3vel de sete dias), 24% a mais que 14 dias antes (57.610) e 59% a mais que no m\u00eas anterior (45.245).<\/p>\n\n\n\n<p>A m\u00e9dia m\u00f3vel de sete dias \u00e9 calculada pela Fiocruz, em seu boletim Monitora Covid, atrav\u00e9s da soma dos n\u00fameros do dia com os seis dias anteriores e dividindo-se o resultado da soma por sete. Por isso, o dado \u00e9 diferente daquele divulgado pelo Minist\u00e9rio da Sa\u00fade, que considera apenas os \u00f3bitos e casos confirmados em um dia.<\/p>\n\n\n\n<p>Edi\u00e7\u00e3o: Val\u00e9ria Aguiar<\/p>\n","protected":false},"excerpt":{"rendered":"<p>O n\u00famero \u00e9 o dobro do observado h\u00e1 um m\u00eas (1.036 \u00f3bitos) Por Vitor Abdala<\/p>\n","protected":false},"author":2,"featured_media":11531,"comment_status":"open","ping_status":"open","sticky":false,"template":"","format":"standard","meta":{"footnotes":""},"categories":[17],"tags":[],"class_list":["post-11530","post","type-post","status-publish","format-standard","has-post-thumbnail","hentry","category-outras-noticias"],"_links":{"self":[{"href":"https:\/\/tvc16.com\/portal\/wp-json\/wp\/v2\/posts\/11530","targetHints":{"allow":["GET"]}}],"collection":[{"href":"https:\/\/tvc16.com\/portal\/wp-json\/wp\/v2\/posts"}],"about":[{"href":"https:\/\/tvc16.com\/portal\/wp-json\/wp\/v2\/types\/post"}],"author":[{"embeddable":true,"href":"https:\/\/tvc16.com\/portal\/wp-json\/wp\/v2\/users\/2"}],"replies":[{"embeddable":true,"href":"https:\/\/tvc16.com\/portal\/wp-json\/wp\/v2\/comments?post=11530"}],"version-history":[{"count":1,"href":"https:\/\/tvc16.com\/portal\/wp-json\/wp\/v2\/posts\/11530\/revisions"}],"predecessor-version":[{"id":11532,"href":"https:\/\/tvc16.com\/portal\/wp-json\/wp\/v2\/posts\/11530\/revisions\/11532"}],"wp:featuredmedia":[{"embeddable":true,"href":"https:\/\/tvc16.com\/portal\/wp-json\/wp\/v2\/media\/11531"}],"wp:attachment":[{"href":"https:\/\/tvc16.com\/portal\/wp-json\/wp\/v2\/media?parent=11530"}],"wp:term":[{"taxonomy":"category","embeddable":true,"href":"https:\/\/tvc16.com\/portal\/wp-json\/wp\/v2\/categories?post=11530"},{"taxonomy":"post_tag","embeddable":true,"href":"https:\/\/tvc16.com\/portal\/wp-json\/wp\/v2\/tags?post=11530"}],"curies":[{"name":"wp","href":"https:\/\/api.w.org\/{rel}","templated":true}]}}