{"id":11539,"date":"2021-03-21T00:11:25","date_gmt":"2021-03-21T03:11:25","guid":{"rendered":"https:\/\/tvc16.com\/portal\/?p=11539"},"modified":"2021-03-21T00:11:27","modified_gmt":"2021-03-21T03:11:27","slug":"governador-em-exercicio-se-reune-com-setor-produtivo-para-discutir-adocao-de-feriado-prolongado-contra-o-avanco-da-covid-19","status":"publish","type":"post","link":"https:\/\/tvc16.com\/portal\/2021\/03\/21\/governador-em-exercicio-se-reune-com-setor-produtivo-para-discutir-adocao-de-feriado-prolongado-contra-o-avanco-da-covid-19\/","title":{"rendered":"Governador em exerc\u00edcio se re\u00fane com setor produtivo para discutir ado\u00e7\u00e3o de feriado prolongado contra o avan\u00e7o da Covid-19"},"content":{"rendered":"\n<p><\/p>\n\n\n\n<p><\/p>\n\n\n\n<p>O governador em exerc\u00edcio do Rio de Janeiro, Cl\u00e1udio Castro, se reuniu com integrantes do setor produtivo do estado e deputados, neste s\u00e1bado (20\/3), no Pal\u00e1cio das Laranjeiras, para discutir a ado\u00e7\u00e3o de novas medidas restritivas contra o avan\u00e7o da Covid-19. Entre as a\u00e7\u00f5es sugeridas est\u00e1 a antecipa\u00e7\u00e3o dos feriados de abril para criar um feriad\u00e3o prolongado, de 26 de mar\u00e7o a 4 de abril, reduzindo a circula\u00e7\u00e3o de pessoas nas ruas. Tamb\u00e9m como medida contra aglomera\u00e7\u00f5es, o governador determinou o refor\u00e7o da for\u00e7a-tarefa de fiscaliza\u00e7\u00e3o do Corpo de Bombeiros, em conjunto com as prefeituras municipais, para coibir a realiza\u00e7\u00e3o de festas clandestinas.<\/p>\n\n\n\n<p>Cl\u00e1udio Castro anunciou, durante a reuni\u00e3o, a distribui\u00e7\u00e3o do maior lote de vacinas contra a Covid-19 para os 92 munic\u00edpios do estado. Nesta segunda-feira (22\/3), ser\u00e3o enviadas 759.100 doses, sendo 618.200 de CoronaVac para a primeira vacina\u00e7\u00e3o e 130.900 (CoronaVac) para a segunda. Tamb\u00e9m ser\u00e3o entregues 10 mil doses da vacina Oxford\/Astrazeneca para aplica\u00e7\u00e3o da primeira dose em 26 cidades que possuem comunidades quilombolas. As vacinas foram entregues neste s\u00e1bado (20\/3) pelo Minist\u00e9rio da Sa\u00fade. Ao todo, desde o in\u00edcio da campanha, o Estado do Rio recebeu 2.716.120 doses, sendo 2.325.120 da CoronaVac e 391 mil da Oxford\/Astrazeneca.<\/p>\n\n\n\n<p><strong>Di\u00e1logo aberto<\/strong><\/p>\n\n\n\n<p>O governador vem mantendo o di\u00e1logo aberto com representantes do setor produtivo e com prefeituras para adotar, com base em dados t\u00e9cnicos e cient\u00edficos da Secretaria de Estado de Sa\u00fade, a\u00e7\u00f5es em conjunto contra o avan\u00e7o da Covid-19 no estado. Na manh\u00e3 deste domingo (21\/03), Cl\u00e1udio Castro se re\u00fane novamente com os prefeitos do Rio, Eduardo Paes, e de Niter\u00f3i, Axel Grael, no Pal\u00e1cio das Laranjeiras, para finalizar o documento com as medidas restritivas a serem adotadas na semana que vem.<\/p>\n\n\n\n<p>&#8211; Toda decis\u00e3o deve ser discutida e tomada diante das realidades dos mais diversos setores. Precisamos ouvir todas as necessidades e afli\u00e7\u00f5es do setor produtivo. A preocupa\u00e7\u00e3o aqui \u00e9 principalmente com a vida das pessoas, mas temos que preservar o emprego, dialogar e garantir o equil\u00edbrio da sociedade. \u00c9 fundamental analisar os dados diariamente para tomarmos as decis\u00f5es corretas para cada momento da pandemia. E \u00e9 isso que estou fazendo. Tudo com base em dados t\u00e9cnicos \u2013 explicou Castro.<\/p>\n\n\n\n<p>Participaram da reuni\u00e3o, al\u00e9m do governador, o secret\u00e1rio de Estado da Casa Civil, Nicola Miccione; o secret\u00e1rio de Governo, Andr\u00e9 Lazaroni; o presidente da Fecom\u00e9rcio, Antonio Florencio de Queiroz Junior; a presidente da Associa\u00e7\u00e3o Comercial do Rio de Janeiro, \u00c2ngela Costa; o presidente da Associa\u00e7\u00e3o Brasileira da Ind\u00fastria de Hot\u00e9is, Paulo Michel; o presidente da Associa\u00e7\u00e3o Brasileira de Bares e Restaurantes, Pedro Hermeto; o presidente da Associa\u00e7\u00e3o dos Supermercados do Rio, Pedro Paulo; o presidente do Metr\u00f4Rio, Guilherme Ramalho; os deputados federais Dr. Luizinho e Hugo Leal, os deputados estaduais Marcio Pacheco (l\u00edder do Governo), Rodrigo Amorim e L\u00e9o Vieira, al\u00e9m de representantes de Firjan, Supervia,&nbsp; Fetranspor, Sindicato dos Bares e Restaurantes do Rio, Associa\u00e7\u00e3o de Empresas de Eventos, Apresenta Rio e Multiplan.<\/p>\n","protected":false},"excerpt":{"rendered":"<p>O governador em exerc\u00edcio do Rio de Janeiro, Cl\u00e1udio Castro, se reuniu com integrantes do<\/p>\n","protected":false},"author":2,"featured_media":11540,"comment_status":"open","ping_status":"open","sticky":false,"template":"","format":"standard","meta":{"footnotes":""},"categories":[17],"tags":[],"class_list":["post-11539","post","type-post","status-publish","format-standard","has-post-thumbnail","hentry","category-outras-noticias"],"_links":{"self":[{"href":"https:\/\/tvc16.com\/portal\/wp-json\/wp\/v2\/posts\/11539","targetHints":{"allow":["GET"]}}],"collection":[{"href":"https:\/\/tvc16.com\/portal\/wp-json\/wp\/v2\/posts"}],"about":[{"href":"https:\/\/tvc16.com\/portal\/wp-json\/wp\/v2\/types\/post"}],"author":[{"embeddable":true,"href":"https:\/\/tvc16.com\/portal\/wp-json\/wp\/v2\/users\/2"}],"replies":[{"embeddable":true,"href":"https:\/\/tvc16.com\/portal\/wp-json\/wp\/v2\/comments?post=11539"}],"version-history":[{"count":1,"href":"https:\/\/tvc16.com\/portal\/wp-json\/wp\/v2\/posts\/11539\/revisions"}],"predecessor-version":[{"id":11541,"href":"https:\/\/tvc16.com\/portal\/wp-json\/wp\/v2\/posts\/11539\/revisions\/11541"}],"wp:featuredmedia":[{"embeddable":true,"href":"https:\/\/tvc16.com\/portal\/wp-json\/wp\/v2\/media\/11540"}],"wp:attachment":[{"href":"https:\/\/tvc16.com\/portal\/wp-json\/wp\/v2\/media?parent=11539"}],"wp:term":[{"taxonomy":"category","embeddable":true,"href":"https:\/\/tvc16.com\/portal\/wp-json\/wp\/v2\/categories?post=11539"},{"taxonomy":"post_tag","embeddable":true,"href":"https:\/\/tvc16.com\/portal\/wp-json\/wp\/v2\/tags?post=11539"}],"curies":[{"name":"wp","href":"https:\/\/api.w.org\/{rel}","templated":true}]}}