{"id":11542,"date":"2021-03-21T00:13:36","date_gmt":"2021-03-21T03:13:36","guid":{"rendered":"https:\/\/tvc16.com\/portal\/?p=11542"},"modified":"2021-03-21T00:13:38","modified_gmt":"2021-03-21T03:13:38","slug":"hospital-geral-de-nova-iguacu-reduz-visitas-aos-pacientes-a-partir-deste-domingo-21","status":"publish","type":"post","link":"https:\/\/tvc16.com\/portal\/2021\/03\/21\/hospital-geral-de-nova-iguacu-reduz-visitas-aos-pacientes-a-partir-deste-domingo-21\/","title":{"rendered":"Hospital Geral de Nova Igua\u00e7u reduz visitas aos pacientes a partir deste domingo (21)"},"content":{"rendered":"\n<p><br>O Hospital Geral de Nova Igua\u00e7u (HGNI) est\u00e1 refor\u00e7ando as medidas restritivas para diminuir o fluxo de pessoas que frequentam a unidade e combater a dissemina\u00e7\u00e3o do novo coronav\u00edrus. A partir deste domingo (21), a visita ser\u00e1 restrita a um familiar por paciente internado. O hor\u00e1rio tamb\u00e9m ser\u00e1 reduzido de uma hora para 30 minutos. Quem estiver com acompanhante n\u00e3o ter\u00e1 direito a visitantes.<\/p>\n\n\n\n<p>As visitas nas 40 enfermarias do HGNI ser\u00e3o divididas em dois turnos. Da enfermaria 1 a 20, acontecer\u00e1 das 15h \u00e0s 15h30. Da 21 a 40, ser\u00e1 das 15h30 \u00e0s 16h, mesmo hor\u00e1rio da visita\u00e7\u00e3o aos pacientes no CTI. Familiares dos pacientes internados na Sala Vermelha ou na ala da Covid-19 devem comparecer ao N\u00facleo de Apoio \u00e0 Fam\u00edlia (NAF) para receber informa\u00e7\u00f5es e esclarecimentos do m\u00e9dico respons\u00e1vel pelo plant\u00e3o. A troca de acompanhantes ser\u00e1 permitida apenas uma vez por dia.<\/p>\n","protected":false},"excerpt":{"rendered":"<p>O Hospital Geral de Nova Igua\u00e7u (HGNI) est\u00e1 refor\u00e7ando as medidas restritivas para diminuir o<\/p>\n","protected":false},"author":2,"featured_media":11543,"comment_status":"open","ping_status":"open","sticky":false,"template":"","format":"standard","meta":{"footnotes":""},"categories":[17],"tags":[],"class_list":["post-11542","post","type-post","status-publish","format-standard","has-post-thumbnail","hentry","category-outras-noticias"],"_links":{"self":[{"href":"https:\/\/tvc16.com\/portal\/wp-json\/wp\/v2\/posts\/11542","targetHints":{"allow":["GET"]}}],"collection":[{"href":"https:\/\/tvc16.com\/portal\/wp-json\/wp\/v2\/posts"}],"about":[{"href":"https:\/\/tvc16.com\/portal\/wp-json\/wp\/v2\/types\/post"}],"author":[{"embeddable":true,"href":"https:\/\/tvc16.com\/portal\/wp-json\/wp\/v2\/users\/2"}],"replies":[{"embeddable":true,"href":"https:\/\/tvc16.com\/portal\/wp-json\/wp\/v2\/comments?post=11542"}],"version-history":[{"count":1,"href":"https:\/\/tvc16.com\/portal\/wp-json\/wp\/v2\/posts\/11542\/revisions"}],"predecessor-version":[{"id":11544,"href":"https:\/\/tvc16.com\/portal\/wp-json\/wp\/v2\/posts\/11542\/revisions\/11544"}],"wp:featuredmedia":[{"embeddable":true,"href":"https:\/\/tvc16.com\/portal\/wp-json\/wp\/v2\/media\/11543"}],"wp:attachment":[{"href":"https:\/\/tvc16.com\/portal\/wp-json\/wp\/v2\/media?parent=11542"}],"wp:term":[{"taxonomy":"category","embeddable":true,"href":"https:\/\/tvc16.com\/portal\/wp-json\/wp\/v2\/categories?post=11542"},{"taxonomy":"post_tag","embeddable":true,"href":"https:\/\/tvc16.com\/portal\/wp-json\/wp\/v2\/tags?post=11542"}],"curies":[{"name":"wp","href":"https:\/\/api.w.org\/{rel}","templated":true}]}}