{"id":11548,"date":"2021-03-21T00:20:42","date_gmt":"2021-03-21T03:20:42","guid":{"rendered":"https:\/\/tvc16.com\/portal\/?p=11548"},"modified":"2021-03-21T00:20:44","modified_gmt":"2021-03-21T03:20:44","slug":"nova-iguacu-vai-vacinar-idosos-de-73-e-72-anos-e-profissionais-de-saude-na-proxima-semana","status":"publish","type":"post","link":"https:\/\/tvc16.com\/portal\/2021\/03\/21\/nova-iguacu-vai-vacinar-idosos-de-73-e-72-anos-e-profissionais-de-saude-na-proxima-semana\/","title":{"rendered":"Nova igua\u00e7u vai vacinar idosos de 73 e 72 anos e profissionais de sa\u00fade na pr\u00f3xima semana"},"content":{"rendered":"\n<p><br><em><em>Profissionais de sa\u00fade com idade igual ou acima de 50 anos ser\u00e3o imunizados a partir de segunda (22)\u00a0enquanto os de 45 ou mais ser\u00e3o vacinados a partir de quarta-feira (24)<\/em><\/em><\/p>\n\n\n\n<p><br>A programa\u00e7\u00e3o de vacina\u00e7\u00e3o contra a COVID-19 segue avan\u00e7ando no munic\u00edpio de Nova Igua\u00e7u. Na pr\u00f3xima segunda (22) e ter\u00e7a (23), a Secretaria Municipal de Sa\u00fade vai vacinar, com a primeira dose, os idosos de 73 anos e os profissionais de sa\u00fade com idade igual ou acima de 50 anos. J\u00e1 na quarta (24) \u00a0e na quinta (25) ser\u00e1 a vez dos idosos de 72 anos e dos profissionais de sa\u00fade com 45 anos.<\/p>\n\n\n\n<p>Para garantir que o p\u00fablico-alvo da semana seja imunizado, a sexta (26) ser\u00e1 dia de repescagem, ou seja, poder\u00e3o comparecer aos postos de vacina\u00e7\u00e3o os idosos com idade igual ou acima de 72 anos e tamb\u00e9m os profissionais de sa\u00fade com idade igual ou acima de 45. Quem for se vacinar dever\u00e1 apresentar carteira de identidade, comprovante de resid\u00eancia, CPF e cart\u00e3o SUS.<\/p>\n\n\n\n<p>Para tomar a segunda dose da vacina, ser\u00e3o esperados nesta semana os profissionais de sa\u00fade e os idosos maiores de 76 anos vacinados at\u00e9 o dia 12 de mar\u00e7o. \u00c9 importante ressaltar que apenas aqueles que tomaram Coronavac ir\u00e3o receber a segunda dose neste momento, visto que o intervalo entre a primeira e segunda dose \u00e9 de 14 a 28 dias. Quem tiver com o prazo da segunda aplica\u00e7\u00e3o ultrapassado, tamb\u00e9m poder\u00e1 comparecer para garantir a completa imuniza\u00e7\u00e3o.<\/p>\n\n\n\n<p>At\u00e9 quinta-feira (18), foram vacinados 5.964 profissionais de sa\u00fade com a primeira dose e 5.473 com a segunda; 526 idosos acima de 60 anos residentes em institui\u00e7\u00f5es de Longa Perman\u00eancia com a primeira dose e 497 com a segunda; 325 profissionais de sa\u00fade acima de 55 anos com a primeira dose e 78 com a segunda; 26.063 idosos acima de 76 anos com a primeira dose e 2.462 com a segunda; 99 maiores de 18 anos com defici\u00eancia inclusiva com a primeira dose e 97 com a segunda. Sendo assim, foram aplicadas 41.594 doses at\u00e9 o momento, sendo 32.970 de primeiras doses e 8.624 de segunda.<\/p>\n\n\n\n<p>Nova Igua\u00e7u tem 15 pontos de vacina\u00e7\u00e3o, com hor\u00e1rio de funcionamento de segunda a sexta-feira, das 8h30 \u00e0s 16h.<\/p>\n\n\n\n<p><strong>Confira os endere\u00e7os dos locais de vacina\u00e7\u00e3o:<\/strong><br><br><strong>DRIVE THRU \u2013 CENTRO OL\u00cdMPICO DE NOVA IGUA\u00c7U<br><\/strong>Avenida Governador Roberto da Silveira, 1725, Centro.<br>Refer\u00eancia: Pr\u00f3ximo ao Viaduto da Posse.<br><br><strong>DRIVE THRU \u2013 SHOPPING NOVA IGUA\u00c7U<br><\/strong>Av. Ab\u00edlio Augusto T\u00e1vora, 1111 \u2013 Bairro da Luz<br><br><strong>ESPA\u00c7O MUNICIPAL DA TERCEIRA IDADE DE NOVA IGUA\u00c7U (ESMUTI)<br><\/strong>Avenida Lu\u00eds de Matos, 736 \u2013 Bairro da Luz.<br><br><strong>CL\u00cdNICA DA FAM\u00cdLIA JARDIM PARAISO<br><\/strong>Rua Ing\u00e1 s\/n\u00ba \u2013 Jardim Para\u00edso<br>Refer\u00eancia: UPA 24 Horas Arquiteta Patr\u00edcia Marinho<br><br><strong>CL\u00cdNICA DA FAM\u00cdLIA DE VILA DE CAVA<br><\/strong>Rua \u00c1lvaro Gon\u00e7alves, 103 \u2013 Vila de Cava<br>Refer\u00eancia: UPA 24 Horas Gisele Palhares Gouv\u00eaa<br><br><strong>POLICL\u00cdNICA DE MIGUEL COUTO<br><\/strong>Rua Digomar Sim\u00f5es e Souza, 50 \u2013 Miguel Couto<br>Refer\u00eancia: UPA 24 Horas Carlinhos da Tingu\u00e1 \u2013 Miguel Couto<br><br><strong>CL\u00cdNICA DA FAM\u00cdLIA DE AUSTIN<br><\/strong>Rua Coronel Monteiro de Barros, 783 \u2013 Austin<br>Refer\u00eancia: UPS 24 Horas Dr. Moacyr de Carvalho \u2013 Austin<br><br><strong>CLINICA DA FAMILIA ODICEIA MORAIS<br><\/strong>Rua Bol\u00edvia, s\/n\u00ba \u2013 Centro<br><br><strong>CLINICA DA FAMILIA EMILIA GOMES<br><\/strong>Rua dos Quart\u00e9is, 221 \u2013 Comendador Soares<br>Refer\u00eancia: UPA 24 Horas Comendador Soares \u2013 Comendador Soares<br><br><strong>CL\u00cdNICA DA FAM\u00cdLIA DOM BOSCO<br><\/strong>Avenida Ab\u00edlio Augusto T\u00e1vora s\/n\u00b0 \u2013 Bairro Dom Bosco<br><br><strong>CL\u00cdNICA DA FAM\u00cdLIA VILA OPER\u00c1RIA<br><\/strong>Rua Nair Dias, 880 \u2013 Vila Oper\u00e1ria.<br><br><strong>UNIDADE DE SA\u00daDE DA FAM\u00cdLIA RANCHO FUNDO<br><\/strong>Rua das Rosas, 100 \u2013 Rancho Fundo<br><br><strong>CL\u00cdNICA DA FAM\u00cdLIA MARFEL<br><\/strong>Rua \u00c1urea Ramos Borges, 110 \u2013 Palhada<br><br><strong>CL\u00cdNICA DA FAM\u00cdLIA DO CAI\u00c7ARA<br><\/strong>Rua Oiticica, s\/n\u00b0 \u2013 Carmari<br><br><strong>CL\u00cdNICA DA FAM\u00cdLIA DO AMBAI<br><\/strong>Avenida Henrique Duque Estrada, 3.357 \u2013 Ambai<\/p>\n","protected":false},"excerpt":{"rendered":"<p>Profissionais de sa\u00fade com idade igual ou acima de 50 anos ser\u00e3o imunizados a partir<\/p>\n","protected":false},"author":2,"featured_media":11550,"comment_status":"open","ping_status":"open","sticky":false,"template":"","format":"standard","meta":{"footnotes":""},"categories":[17],"tags":[],"class_list":["post-11548","post","type-post","status-publish","format-standard","has-post-thumbnail","hentry","category-outras-noticias"],"_links":{"self":[{"href":"https:\/\/tvc16.com\/portal\/wp-json\/wp\/v2\/posts\/11548","targetHints":{"allow":["GET"]}}],"collection":[{"href":"https:\/\/tvc16.com\/portal\/wp-json\/wp\/v2\/posts"}],"about":[{"href":"https:\/\/tvc16.com\/portal\/wp-json\/wp\/v2\/types\/post"}],"author":[{"embeddable":true,"href":"https:\/\/tvc16.com\/portal\/wp-json\/wp\/v2\/users\/2"}],"replies":[{"embeddable":true,"href":"https:\/\/tvc16.com\/portal\/wp-json\/wp\/v2\/comments?post=11548"}],"version-history":[{"count":1,"href":"https:\/\/tvc16.com\/portal\/wp-json\/wp\/v2\/posts\/11548\/revisions"}],"predecessor-version":[{"id":11551,"href":"https:\/\/tvc16.com\/portal\/wp-json\/wp\/v2\/posts\/11548\/revisions\/11551"}],"wp:featuredmedia":[{"embeddable":true,"href":"https:\/\/tvc16.com\/portal\/wp-json\/wp\/v2\/media\/11550"}],"wp:attachment":[{"href":"https:\/\/tvc16.com\/portal\/wp-json\/wp\/v2\/media?parent=11548"}],"wp:term":[{"taxonomy":"category","embeddable":true,"href":"https:\/\/tvc16.com\/portal\/wp-json\/wp\/v2\/categories?post=11548"},{"taxonomy":"post_tag","embeddable":true,"href":"https:\/\/tvc16.com\/portal\/wp-json\/wp\/v2\/tags?post=11548"}],"curies":[{"name":"wp","href":"https:\/\/api.w.org\/{rel}","templated":true}]}}