{"id":11552,"date":"2021-03-21T00:25:58","date_gmt":"2021-03-21T03:25:58","guid":{"rendered":"https:\/\/tvc16.com\/portal\/?p=11552"},"modified":"2021-03-21T00:26:00","modified_gmt":"2021-03-21T03:26:00","slug":"o-cluster-retorna-com-edicao-digital-movimentando-as-redes-sociais","status":"publish","type":"post","link":"https:\/\/tvc16.com\/portal\/2021\/03\/21\/o-cluster-retorna-com-edicao-digital-movimentando-as-redes-sociais\/","title":{"rendered":"O Cluster retorna com edi\u00e7\u00e3o digital movimentando as redes sociais"},"content":{"rendered":"\n<p>Como fazer de um evento f\u00edsico de sucesso, uma vers\u00e3o digital? O tradicional evento O Cluster, que se consolidou como uma plataforma da economia criativa na cidade, retorna&nbsp;<strong>no domingo, 21 mar\u00e7o, das 14h \u00e0s 21h.<\/strong>&nbsp;E se adaptando ao novo normal, apresentam ao p\u00fablico \u2018O Cluster Digital\u2019, em uma vers\u00e3o especial dedicada a cena criativa atual, onde experimentar\u00e3o as ferramentas usadas por muitos no dia a dia, como o Instagram, conectando criadores, produtores, ateliers, artistas, bandas e profissionais da cadeia produtiva, promovendo ainda atra\u00e7\u00f5es culturais, de forma totalmente digital.&nbsp;A programa\u00e7\u00e3o \u00e9 gratuita e transmitida ao vivo em sua plataforma no Instagram<strong>&nbsp;<\/strong><strong>@ocluster.<\/strong><\/p>\n\n\n\n<p>Patrocinado pela Prefeitura do Rio de Janeiro, atrav\u00e9s da Lei Aldir Blanc no projeto de Fomento Inciso III,aprograma\u00e7\u00e3o traz apresenta\u00e7\u00f5es musicais, exposi\u00e7\u00f5es digitais, marcas de moda e publica\u00e7\u00f5es, debates e a\u00e7\u00f5es gastron\u00f4micas.&nbsp;&nbsp;&nbsp;<\/p>\n\n\n\n<p>Com idealiza\u00e7\u00e3o e curadoria de\u00a0<strong>Carolina Herszenhut<\/strong>, a agente cultural e ativista j\u00e1 contabiliza mais de 40 edi\u00e7\u00f5es, em tr\u00eas estados brasileiros, Rio, Belo Horizonte e Recife, fazendo a ponte com quem cria e quem consome, gerando neg\u00f3cios na cena criativa das cidades. E, para n\u00e3o deixar de movimentar o cen\u00e1rio da produ\u00e7\u00e3o criativa se desafia a tornar seu evento de forma digital.<\/p>\n\n\n\n<p><\/p>\n\n\n\n<figure class=\"wp-block-image size-large\"><img loading=\"lazy\" decoding=\"async\" width=\"1024\" height=\"1024\" src=\"https:\/\/tvc16.com\/portal\/wp-content\/uploads\/2021\/03\/CAMPANHAPrancheta-9-1024x1024.jpeg\" alt=\"\" class=\"wp-image-11554\" srcset=\"https:\/\/tvc16.com\/portal\/wp-content\/uploads\/2021\/03\/CAMPANHAPrancheta-9-1024x1024.jpeg 1024w, https:\/\/tvc16.com\/portal\/wp-content\/uploads\/2021\/03\/CAMPANHAPrancheta-9-300x300.jpeg 300w, https:\/\/tvc16.com\/portal\/wp-content\/uploads\/2021\/03\/CAMPANHAPrancheta-9-150x150.jpeg 150w, https:\/\/tvc16.com\/portal\/wp-content\/uploads\/2021\/03\/CAMPANHAPrancheta-9-768x768.jpeg 768w, https:\/\/tvc16.com\/portal\/wp-content\/uploads\/2021\/03\/CAMPANHAPrancheta-9.jpeg 1080w\" sizes=\"auto, (max-width: 1024px) 100vw, 1024px\" \/><\/figure>\n\n\n\n<p>\u2018O Cluster Digital\u2019 tem como objetivo aproximar o p\u00fablico atrav\u00e9s de uma programa\u00e7\u00e3o que crie conex\u00f5es com o mundo criativo e proporcione um di\u00e1logo com outras linguagens art\u00edsticas como: m\u00fasica, arte, design, tecnologia e gastronomia. O evento reunir\u00e1 cerca de 50 empreendedores, a fim de fomentar e aquecer a cadeia produtiva da moda, uma das que mais movimenta a economia.<\/p>\n","protected":false},"excerpt":{"rendered":"<p>Como fazer de um evento f\u00edsico de sucesso, uma vers\u00e3o digital? O tradicional evento O<\/p>\n","protected":false},"author":2,"featured_media":11553,"comment_status":"open","ping_status":"open","sticky":false,"template":"","format":"standard","meta":{"footnotes":""},"categories":[17],"tags":[],"class_list":["post-11552","post","type-post","status-publish","format-standard","has-post-thumbnail","hentry","category-outras-noticias"],"_links":{"self":[{"href":"https:\/\/tvc16.com\/portal\/wp-json\/wp\/v2\/posts\/11552","targetHints":{"allow":["GET"]}}],"collection":[{"href":"https:\/\/tvc16.com\/portal\/wp-json\/wp\/v2\/posts"}],"about":[{"href":"https:\/\/tvc16.com\/portal\/wp-json\/wp\/v2\/types\/post"}],"author":[{"embeddable":true,"href":"https:\/\/tvc16.com\/portal\/wp-json\/wp\/v2\/users\/2"}],"replies":[{"embeddable":true,"href":"https:\/\/tvc16.com\/portal\/wp-json\/wp\/v2\/comments?post=11552"}],"version-history":[{"count":1,"href":"https:\/\/tvc16.com\/portal\/wp-json\/wp\/v2\/posts\/11552\/revisions"}],"predecessor-version":[{"id":11555,"href":"https:\/\/tvc16.com\/portal\/wp-json\/wp\/v2\/posts\/11552\/revisions\/11555"}],"wp:featuredmedia":[{"embeddable":true,"href":"https:\/\/tvc16.com\/portal\/wp-json\/wp\/v2\/media\/11553"}],"wp:attachment":[{"href":"https:\/\/tvc16.com\/portal\/wp-json\/wp\/v2\/media?parent=11552"}],"wp:term":[{"taxonomy":"category","embeddable":true,"href":"https:\/\/tvc16.com\/portal\/wp-json\/wp\/v2\/categories?post=11552"},{"taxonomy":"post_tag","embeddable":true,"href":"https:\/\/tvc16.com\/portal\/wp-json\/wp\/v2\/tags?post=11552"}],"curies":[{"name":"wp","href":"https:\/\/api.w.org\/{rel}","templated":true}]}}