{"id":11562,"date":"2021-03-21T00:45:34","date_gmt":"2021-03-21T03:45:34","guid":{"rendered":"https:\/\/tvc16.com\/portal\/?p=11562"},"modified":"2021-03-21T00:45:36","modified_gmt":"2021-03-21T03:45:36","slug":"informais-poderao-consultar-auxilio-emergencial-a-partir-de-abril","status":"publish","type":"post","link":"https:\/\/tvc16.com\/portal\/2021\/03\/21\/informais-poderao-consultar-auxilio-emergencial-a-partir-de-abril\/","title":{"rendered":"Informais poder\u00e3o consultar aux\u00edlio emergencial a partir de abril"},"content":{"rendered":"\n<h3 class=\"wp-block-heading\">Nova rodada ter\u00e1 pagamentos de R$ 150, R$ 250 e R$ 375<\/h3>\n\n\n\n<p>Os trabalhadores informais poder\u00e3o consultar, a partir de 1\u00ba de abril, se receber\u00e3o a nova rodada do aux\u00edlio emergencial, informou hoje (19) a Dataprev, empresa estatal respons\u00e1vel por processar os pedidos.<img decoding=\"async\" src=\"https:\/\/agenciabrasil.ebc.com.br\/ebc.png?id=1404509&amp;o=node\"><img decoding=\"async\" src=\"https:\/\/agenciabrasil.ebc.com.br\/ebc.gif?id=1404509&amp;o=node\"><\/p>\n\n\n\n<p>As consultas poder\u00e3o ser feitas no&nbsp;<a href=\"https:\/\/consultaauxilio.dataprev.gov.br\/consulta\/#\" target=\"_blank\" rel=\"noreferrer noopener\"><em>site<\/em>&nbsp;Consulta Aux\u00edlio<\/a>. Bastar\u00e1 o benefici\u00e1rio digitar nome completo, Cadastro de Pessoas F\u00edsicas (CPF), nome da m\u00e3e e data de nascimento.<\/p>\n\n\n\n<p>Na recria\u00e7\u00e3o do benef\u00edcio, o governo n\u00e3o reabriu os pedidos de aux\u00edlio emergencial. Foi aproveitada a base de dados do ano passado e a atualiza\u00e7\u00e3o do cadastro no aplicativo Caixa Tem, que come\u00e7ou a ser feita no \u00faltimo domingo (14) e segue at\u00e9 o dia 31. A Dataprev apenas informar\u00e1 se o trabalhador informal que recebeu o aux\u00edlio em 2020 se enquadra nos novos crit\u00e9rios para continuar a ganhar o benef\u00edcio neste ano.<\/p>\n\n\n\n<p>Os participantes do Bolsa Fam\u00edlia e os inscritos no Cadastro \u00danico de Programas Sociais do Governo Federal (Cad\u00danico) n\u00e3o precisar\u00e3o fazer a consulta. Eles receber\u00e3o a nova rodada do aux\u00edlio emergencial automaticamente, desde que se encaixem nas exig\u00eancias definidos pelo governo. Para o Bolsa Fam\u00edlia, ser\u00e1 pago o benef\u00edcio de maior valor: o do programa social ou o aux\u00edlio emergencial.<\/p>\n\n\n\n<p>Neste ano, as regras para o aux\u00edlio emergencial ficaram mais r\u00edgidas. O aux\u00edlio ser\u00e1 pago em quatro parcelas a fam\u00edlias com renda\u00a0<em>per capita<\/em>\u00a0(por pessoa) de at\u00e9 meio sal\u00e1rio m\u00ednimo (R$ 550) e renda mensal total de at\u00e9 tr\u00eas sal\u00e1rios m\u00ednimos (R$ 3.300). Os benef\u00edcios ter\u00e3o tr\u00eas valores: R$ 150 para pessoa que mora sozinha, R$ 250 para fam\u00edlias geridas por homens ou casais e R$ 375 para fam\u00edlias geridas por m\u00e3es solteiras.<\/p>\n\n\n\n<p>Por Wellton M\u00e1ximo \u2013 Rep\u00f3rter da Ag\u00eancia Brasil &#8211; Bras\u00edlia<\/p>\n\n\n\n<p>Edi\u00e7\u00e3o: Pedro Ivo de Oliveira<\/p>\n","protected":false},"excerpt":{"rendered":"<p>Nova rodada ter\u00e1 pagamentos de R$ 150, R$ 250 e R$ 375 Os trabalhadores informais<\/p>\n","protected":false},"author":2,"featured_media":11563,"comment_status":"open","ping_status":"open","sticky":false,"template":"","format":"standard","meta":{"footnotes":""},"categories":[17],"tags":[],"class_list":["post-11562","post","type-post","status-publish","format-standard","has-post-thumbnail","hentry","category-outras-noticias"],"_links":{"self":[{"href":"https:\/\/tvc16.com\/portal\/wp-json\/wp\/v2\/posts\/11562","targetHints":{"allow":["GET"]}}],"collection":[{"href":"https:\/\/tvc16.com\/portal\/wp-json\/wp\/v2\/posts"}],"about":[{"href":"https:\/\/tvc16.com\/portal\/wp-json\/wp\/v2\/types\/post"}],"author":[{"embeddable":true,"href":"https:\/\/tvc16.com\/portal\/wp-json\/wp\/v2\/users\/2"}],"replies":[{"embeddable":true,"href":"https:\/\/tvc16.com\/portal\/wp-json\/wp\/v2\/comments?post=11562"}],"version-history":[{"count":1,"href":"https:\/\/tvc16.com\/portal\/wp-json\/wp\/v2\/posts\/11562\/revisions"}],"predecessor-version":[{"id":11564,"href":"https:\/\/tvc16.com\/portal\/wp-json\/wp\/v2\/posts\/11562\/revisions\/11564"}],"wp:featuredmedia":[{"embeddable":true,"href":"https:\/\/tvc16.com\/portal\/wp-json\/wp\/v2\/media\/11563"}],"wp:attachment":[{"href":"https:\/\/tvc16.com\/portal\/wp-json\/wp\/v2\/media?parent=11562"}],"wp:term":[{"taxonomy":"category","embeddable":true,"href":"https:\/\/tvc16.com\/portal\/wp-json\/wp\/v2\/categories?post=11562"},{"taxonomy":"post_tag","embeddable":true,"href":"https:\/\/tvc16.com\/portal\/wp-json\/wp\/v2\/tags?post=11562"}],"curies":[{"name":"wp","href":"https:\/\/api.w.org\/{rel}","templated":true}]}}