{"id":11568,"date":"2021-03-21T00:55:13","date_gmt":"2021-03-21T03:55:13","guid":{"rendered":"https:\/\/tvc16.com\/portal\/?p=11568"},"modified":"2021-03-21T00:55:16","modified_gmt":"2021-03-21T03:55:16","slug":"credito-de-r-70-relativo-ao-mes-de-marco-do-cartao-merenda-certa-foi-liberado-neste-sabado-20-para-os-mais-de-40-mil-estudantes-matriculados-na-rede-municipal-de-ensino-ate-o-dia-15-de-fevereiro","status":"publish","type":"post","link":"https:\/\/tvc16.com\/portal\/2021\/03\/21\/credito-de-r-70-relativo-ao-mes-de-marco-do-cartao-merenda-certa-foi-liberado-neste-sabado-20-para-os-mais-de-40-mil-estudantes-matriculados-na-rede-municipal-de-ensino-ate-o-dia-15-de-fevereiro\/","title":{"rendered":"Cr\u00e9dito de R$ 70 relativo ao m\u00eas de mar\u00e7o do Cart\u00e3o Merenda Certa foi  liberado neste s\u00e1bado (20) para os mais de 40 mil estudantes matriculados na rede municipal de ensino at\u00e9 o dia 15 de fevereiro"},"content":{"rendered":"\n<p>Os alunos matriculados ap\u00f3s esse per\u00edodo que j\u00e1 est\u00e3o com o cart\u00e3o devem pedir o desbloqueio por meio de contato com o setor de atendimento ao consumidor da empresa respons\u00e1vel no site (www.msbeneficios.com.br). Na carta que cada respons\u00e1vel recebe com o cart\u00e3o tamb\u00e9m est\u00e3o contidas as orienta\u00e7\u00f5es para o uso e desbloqueio do mesmo.<\/p>\n\n\n\n<p>O programa foi criado pelo governo municipal para fortalecer a compra de alimentos durante o per\u00edodo em que os mais de 40 mil alunos da rede municipal est\u00e3o fora das escolas e Centros de Educa\u00e7\u00e3o Infantil.<\/p>\n\n\n\n<p>\u201c\u00c9 uma forma de auxiliar as fam\u00edlias nesse momento. As crian\u00e7as e jovens est\u00e3o acostumados a uma refei\u00e7\u00e3o balanceada nas escolas. A inten\u00e7\u00e3o \u00e9 suprir a alimenta\u00e7\u00e3o dos alunos nesse per\u00edodo em que elas est\u00e3o afastadas das salas de aula\u201d, disse o prefeito interino Hingo Hammes.<\/p>\n\n\n\n<p>A secret\u00e1ria de Educa\u00e7\u00e3o, Marcia Palma, agradeceu o apoio das gestoras. \u201cMuito importante essa parceria e o v\u00ednculo que est\u00e1 sendo mantido com os alunos. Agrade\u00e7o as gestoras e aproveito para avisar aos pais e respons\u00e1veis que a Secretaria de Educa\u00e7\u00e3o est\u00e1 \u00e0 disposi\u00e7\u00e3o para esclarecer qualquer d\u00favida\u201d.<\/p>\n","protected":false},"excerpt":{"rendered":"<p>Os alunos matriculados ap\u00f3s esse per\u00edodo que j\u00e1 est\u00e3o com o cart\u00e3o devem pedir o<\/p>\n","protected":false},"author":2,"featured_media":11569,"comment_status":"open","ping_status":"open","sticky":false,"template":"","format":"standard","meta":{"footnotes":""},"categories":[12],"tags":[],"class_list":["post-11568","post","type-post","status-publish","format-standard","has-post-thumbnail","hentry","category-cidade"],"_links":{"self":[{"href":"https:\/\/tvc16.com\/portal\/wp-json\/wp\/v2\/posts\/11568","targetHints":{"allow":["GET"]}}],"collection":[{"href":"https:\/\/tvc16.com\/portal\/wp-json\/wp\/v2\/posts"}],"about":[{"href":"https:\/\/tvc16.com\/portal\/wp-json\/wp\/v2\/types\/post"}],"author":[{"embeddable":true,"href":"https:\/\/tvc16.com\/portal\/wp-json\/wp\/v2\/users\/2"}],"replies":[{"embeddable":true,"href":"https:\/\/tvc16.com\/portal\/wp-json\/wp\/v2\/comments?post=11568"}],"version-history":[{"count":1,"href":"https:\/\/tvc16.com\/portal\/wp-json\/wp\/v2\/posts\/11568\/revisions"}],"predecessor-version":[{"id":11570,"href":"https:\/\/tvc16.com\/portal\/wp-json\/wp\/v2\/posts\/11568\/revisions\/11570"}],"wp:featuredmedia":[{"embeddable":true,"href":"https:\/\/tvc16.com\/portal\/wp-json\/wp\/v2\/media\/11569"}],"wp:attachment":[{"href":"https:\/\/tvc16.com\/portal\/wp-json\/wp\/v2\/media?parent=11568"}],"wp:term":[{"taxonomy":"category","embeddable":true,"href":"https:\/\/tvc16.com\/portal\/wp-json\/wp\/v2\/categories?post=11568"},{"taxonomy":"post_tag","embeddable":true,"href":"https:\/\/tvc16.com\/portal\/wp-json\/wp\/v2\/tags?post=11568"}],"curies":[{"name":"wp","href":"https:\/\/api.w.org\/{rel}","templated":true}]}}