{"id":1157,"date":"2020-09-24T17:12:19","date_gmt":"2020-09-24T17:12:19","guid":{"rendered":"https:\/\/tvc16.com\/portal\/?p=1157"},"modified":"2020-09-24T17:12:19","modified_gmt":"2020-09-24T17:12:19","slug":"atletico-go-e-fluminense-lutam-por-vaga-na-copa-do-brasil","status":"publish","type":"post","link":"https:\/\/tvc16.com\/portal\/2020\/09\/24\/atletico-go-e-fluminense-lutam-por-vaga-na-copa-do-brasil\/","title":{"rendered":"Atl\u00e9tico-GO e Fluminense lutam por vaga na Copa do Brasil"},"content":{"rendered":"\n<p>O Tricolor n\u00e3o vai contar com Fred, que permaneceu no Rio de Janeiro<\/p>\n\n\n\n<p>Atl\u00e9tico-GO e Fluminense se enfrentam nesta quinta-feira (24) pelo segundo jogo da Quarta Fase da Copa do Brasil. O duelo ser\u00e1 realizado no Est\u00e1dio Ol\u00edmpico, em Goi\u00e2nia (GO), \u00e0s 20h (hor\u00e1rio de Bras\u00edlia). Como na partida de ida os tricolores venceram por 1 a 0 em casa, no Maracan\u00e3, o empate no confronto de hoje j\u00e1 \u00e9 o suficiente para os tricolores avan\u00e7arem \u00e0s oitavas de final. J\u00e1 o Drag\u00e3o precisa vencer por dois gols de diferen\u00e7a para prosseguir na competi\u00e7\u00e3o. Se a vit\u00f3ria for pelo placar m\u00ednimo, cariocas e goianos definem a classifica\u00e7\u00e3o na disputa de p\u00eanaltis.<img decoding=\"async\" src=\"https:\/\/agenciabrasil.ebc.com.br\/ebc.png?id=1388827&amp;o=node\"><img decoding=\"async\" src=\"https:\/\/agenciabrasil.ebc.com.br\/ebc.gif?id=1388827&amp;o=node\"><\/p>\n\n\n\n<p>A equipe comandada pelo t\u00e9cnico Odair Hellmann chegou na capital goiana sem o atacante Fred. O jogador se reapresentou na \u00faltima segunda-feira (21) no Centro de Treinamento Carlos Castilho (CT do clube), ap\u00f3s cumprir quarentena por ter testado positivo para o novo coronav\u00edrus. Apesar de j\u00e1 estar recuperado da doen\u00e7a, a comiss\u00e3o t\u00e9cnica preferiu preserv\u00e1-lo da lista de relacionados para o jogo desta noite, devido ao curto per\u00edodo de treinamentos desde a reapresenta\u00e7\u00e3o do atleta ap\u00f3s intervalo de inatividade cumprindo isolamento social. No Campeonato Brasileiro, o Tricolor \u00e9 o 10\u00ba colocado, com 14 pontos conquistados, enquanto o Rubro-Negro ocupa a 14\u00aa posi\u00e7\u00e3o, tendo somado 12 na tabela de classifica\u00e7\u00e3o.<\/p>\n\n\n\n<p>Os dois clubes tamb\u00e9m j\u00e1 se enfrentaram pelo primeiro turno do Brasileir\u00e3o neste m\u00eas de setembro. Na ocasi\u00e3o, pela s\u00e9tima rodada, o placar terminou empatado por 1 a 1 no Maracan\u00e3. Com Am\u00e9rica-MG, Botafogo, Cear\u00e1 e Juventude j\u00e1 asseguraram o acesso \u00e0s oitavas de final. Os cinco clubes vencedores da Quarta Fase se juntam aos times previamente classificados, que \u00e9 o caso dos campe\u00f5es do ano passado da Copa do Nordeste, da S\u00e9rie B do Brasileir\u00e3o e da Copa Verde, com as oito equipes que ingressaram na Libertadores deste ano. Al\u00e9m do lado esportivo, o financeiro \u00e9 um outro atrativo para as equipes. Cada clube que avan\u00e7ar vai embolsar R$ 2,6 milh\u00f5es de premia\u00e7\u00e3o pagos pela CBF.<\/p>\n\n\n\n<p>Por Rafael Monteiro \u2013 R\u00e1dio Nacional &#8211; Rio de Janeiro<\/p>\n\n\n\n<p>Edi\u00e7\u00e3o: Val\u00e9ria Aguiar<\/p>\n","protected":false},"excerpt":{"rendered":"<p>O Tricolor n\u00e3o vai contar com Fred, que permaneceu no Rio de Janeiro Atl\u00e9tico-GO e<\/p>\n","protected":false},"author":2,"featured_media":1158,"comment_status":"open","ping_status":"open","sticky":false,"template":"","format":"standard","meta":{"footnotes":""},"categories":[20],"tags":[],"class_list":["post-1157","post","type-post","status-publish","format-standard","has-post-thumbnail","hentry","category-esporte"],"_links":{"self":[{"href":"https:\/\/tvc16.com\/portal\/wp-json\/wp\/v2\/posts\/1157","targetHints":{"allow":["GET"]}}],"collection":[{"href":"https:\/\/tvc16.com\/portal\/wp-json\/wp\/v2\/posts"}],"about":[{"href":"https:\/\/tvc16.com\/portal\/wp-json\/wp\/v2\/types\/post"}],"author":[{"embeddable":true,"href":"https:\/\/tvc16.com\/portal\/wp-json\/wp\/v2\/users\/2"}],"replies":[{"embeddable":true,"href":"https:\/\/tvc16.com\/portal\/wp-json\/wp\/v2\/comments?post=1157"}],"version-history":[{"count":1,"href":"https:\/\/tvc16.com\/portal\/wp-json\/wp\/v2\/posts\/1157\/revisions"}],"predecessor-version":[{"id":1159,"href":"https:\/\/tvc16.com\/portal\/wp-json\/wp\/v2\/posts\/1157\/revisions\/1159"}],"wp:featuredmedia":[{"embeddable":true,"href":"https:\/\/tvc16.com\/portal\/wp-json\/wp\/v2\/media\/1158"}],"wp:attachment":[{"href":"https:\/\/tvc16.com\/portal\/wp-json\/wp\/v2\/media?parent=1157"}],"wp:term":[{"taxonomy":"category","embeddable":true,"href":"https:\/\/tvc16.com\/portal\/wp-json\/wp\/v2\/categories?post=1157"},{"taxonomy":"post_tag","embeddable":true,"href":"https:\/\/tvc16.com\/portal\/wp-json\/wp\/v2\/tags?post=1157"}],"curies":[{"name":"wp","href":"https:\/\/api.w.org\/{rel}","templated":true}]}}