{"id":11575,"date":"2021-03-21T08:20:58","date_gmt":"2021-03-21T11:20:58","guid":{"rendered":"https:\/\/tvc16.com\/portal\/?p=11575"},"modified":"2021-03-21T08:24:41","modified_gmt":"2021-03-21T11:24:41","slug":"ilha-de-marajo-o-paraiso-que-voce-precisa-conhecer","status":"publish","type":"post","link":"https:\/\/tvc16.com\/portal\/2021\/03\/21\/ilha-de-marajo-o-paraiso-que-voce-precisa-conhecer\/","title":{"rendered":"Ilha de Maraj\u00f3, o para\u00edso que voc\u00ea  precisa conhecer"},"content":{"rendered":"\n<p><\/p>\n\n\n\n<p>Por Andrine Perrone<\/p>\n\n\n\n<p><br>Este ano eu decidi que passaria meu anivers\u00e1rio (18\/02) neste para\u00edso chamado Ilha de Maraj\u00f3, que eu j\u00e1 ensaiava conhecer h\u00e1 muito tempo. Maraj\u00f3 estava na minha lista de destinos nacionais desde 2019. Depois de uma viagem incr\u00edvel pelo Amazonas, voltei para S\u00e3o Paulo determinada a explorar o norte do Brasil. Como todos os planos de viajar em 2020 foram adiados devido a pandemia, de Covid-19, eu estava decidida a conhecer esse &#8220;o\u00e1sis&#8221; amaz\u00f4nico ainda este ano de 2021. Juntei o \u00fatil ao agrad\u00e1vel e embarquei rumo a Bel\u00e9m no Par\u00e1, em um voo da Latam, partindo do aeroporto internacional de Guarulhos. A viagem de 3h30 foi cheia de expectativas, j\u00e1 que eu quase n\u00e3o tinha roteiro definido para esta aventura.<\/p>\n\n\n\n<p><\/p>\n\n\n\n<p><\/p>\n\n\n\n<figure class=\"wp-block-image size-large\"><img loading=\"lazy\" decoding=\"async\" width=\"813\" height=\"492\" src=\"https:\/\/tvc16.com\/portal\/wp-content\/uploads\/2021\/03\/20210321_075233.jpg\" alt=\"\" class=\"wp-image-11577\" srcset=\"https:\/\/tvc16.com\/portal\/wp-content\/uploads\/2021\/03\/20210321_075233.jpg 813w, https:\/\/tvc16.com\/portal\/wp-content\/uploads\/2021\/03\/20210321_075233-300x182.jpg 300w, https:\/\/tvc16.com\/portal\/wp-content\/uploads\/2021\/03\/20210321_075233-768x465.jpg 768w\" sizes=\"auto, (max-width: 813px) 100vw, 813px\" \/><figcaption>Praia de Barra Velha &#8211; Soure<\/figcaption><\/figure>\n\n\n\n<p><br>Como assim Andrine? Simples, eu olhei algumas refer\u00eancias e dicas que achei no Youtube e Google, mas n\u00e3o tinham tantas informa\u00e7\u00f5es, eu s\u00f3 tinha o destino e a vontade de conhecer. Ent\u00e3o, confiei nas dicas dos locais. Foi uma aventura e tanto!<\/p>\n\n\n\n<p>Tenho viajado em modo slow travel ( explicarei mais nos pr\u00f3ximos posts) e tenho tido experi\u00eancias incr\u00edveis, viajando sem pressa e sem cobran\u00e7as. Bom, mas vamos falar de como fiz para chegar l\u00e1, quanto gastei e qual foi meu roteiro nestes dias de aventura no Maraj\u00f3.<\/p>\n\n\n\n<p>QUANTO GASTEI<\/p>\n\n\n\n<p><br>A pergunta que mais recebo no meu Instagram todos os dias \u00e9 : Quanto voc\u00ea gastou, Andrine? Quanto mais ou menos de dinheiro eu devo levar? Eu n\u00e3o tenho uma f\u00f3rmula para isso, confesso! At\u00e9 meu mochil\u00e3o asi\u00e1tico em 2018 eu tentei e muito fazer uma planilha de gastos e segui-la, por\u00e9m no meio da viagem eu j\u00e1 nem olhava mais ela. Quando voc\u00ea se torna um viajante profissional, ou melhor experimente, voc\u00ea vai dosando os gastos conforme o dinheiro que voc\u00ea separou para levar e isso tudo \u00e9 muito pessoal. Como mochileira eu sempre me hospedo em hostel, o que j\u00e1 economiza metade do or\u00e7amento, mas \u00e0s vezes viajando com amigos os hot\u00e9is compensam mais.<\/p>\n\n\n\n<p><\/p>\n\n\n\n<p><\/p>\n\n\n\n<figure class=\"wp-block-image size-large\"><img loading=\"lazy\" decoding=\"async\" width=\"423\" height=\"590\" src=\"https:\/\/tvc16.com\/portal\/wp-content\/uploads\/2021\/03\/20210321_075316.jpg\" alt=\"\" class=\"wp-image-11578\" srcset=\"https:\/\/tvc16.com\/portal\/wp-content\/uploads\/2021\/03\/20210321_075316.jpg 423w, https:\/\/tvc16.com\/portal\/wp-content\/uploads\/2021\/03\/20210321_075316-215x300.jpg 215w\" sizes=\"auto, (max-width: 423px) 100vw, 423px\" \/><figcaption>Rodrigo cantou muito carimb\u00f3 para gente<\/figcaption><\/figure>\n\n\n\n<p><\/p>\n\n\n\n<p><br>Nos hospedamos no @habitatmarajohostel e tr\u00eas  di\u00e1rias custam 180 reais por pessoa, um bom pre\u00e7o j\u00e1 que era baixa temporada, poucas op\u00e7\u00f5es de hospedagem e tempos de pandemia. <\/p>\n\n\n\n<p>Reservamos o hostel pelo Booking.com. O dono do hostel, o Rodrigo, \u00e9 sensacional. Um artista que tocou muito carimb\u00f3 para gente e nos deixou bem \u00e0 vontade. No hostel tinha p\u00e9 de carambola, acerola, manga e algumas outras frutas. Um hostel com frutas org\u00e2nicas \u00e9 tudo que um vegetariano precisa. Achei incr\u00edvel que ele faz compostagem e tamb\u00e9m \u00e9 super sustent\u00e1vel criando v\u00e1rios m\u00f3veis de madeira das \u00e1rvores que caem para a hospedagem. Simples por\u00e9m super agrad\u00e1vel. A Meire, a esposa e as crian\u00e7as tratam os h\u00f3spedes  como se voc\u00ea fossem da fam\u00edlia ( de verdade sa\u00ed de l\u00e1 como se fosse) e por este valor ainda tivemos um \u00f3timo caf\u00e9 da manh\u00e3 com a fam\u00edlia, que me fez n\u00e3o querer mais ir embora no \u00faltimo dia.<\/p>\n\n\n\n<p><\/p>\n\n\n\n<p><\/p>\n\n\n\n<figure class=\"wp-block-image size-large\"><img loading=\"lazy\" decoding=\"async\" width=\"804\" height=\"512\" src=\"https:\/\/tvc16.com\/portal\/wp-content\/uploads\/2021\/03\/20210321_075921.jpg\" alt=\"\" class=\"wp-image-11579\" srcset=\"https:\/\/tvc16.com\/portal\/wp-content\/uploads\/2021\/03\/20210321_075921.jpg 804w, https:\/\/tvc16.com\/portal\/wp-content\/uploads\/2021\/03\/20210321_075921-300x191.jpg 300w, https:\/\/tvc16.com\/portal\/wp-content\/uploads\/2021\/03\/20210321_075921-768x489.jpg 768w\" sizes=\"auto, (max-width: 804px) 100vw, 804px\" \/><figcaption>Na imagem um pescador marajoara.<\/figcaption><\/figure>\n\n\n\n<p><br><br>O transporte de ida e volta at\u00e9 Bel\u00e9m saiu quase 100 reais, e o aluguel da moto j\u00e1 com combust\u00edvel  (alugamos no hostel) 100 reais a di\u00e1ria e super compensou. Nosso tour pelo igarap\u00e9 &#8211; descrito abaixo &#8211; custou 70 reais por pessoa. Almo\u00e7o em m\u00e9dia 30 reais e quase o mesmo gasto com a janta. Isso s\u00e3o valores em m\u00e9dia j\u00e1 que sou mulher e vegetariana. Mas confesso que foi uma viagem super em conta para a quantidade de atrativos que tem Soure e contando tamb\u00e9m que s\u00f3 ficamos tr\u00eas dias e meio na ilha.<\/p>\n\n\n\n<p><br>COMO CHEGAR NA ILHA DE MARAJ\u00d3<\/p>\n\n\n\n<p><br>Falando da minha experi\u00eancia pessoal, antes de tudo preciso explicar que a Ilha de Maraj\u00f3 \u00e9 um arquip\u00e9lago que tem cerca de 3.000 ilhas e ilhotas, sendo o maior arquip\u00e9lago fl\u00favio-mar\u00edtimo do mundo. Para chegar aos munic\u00edpios de Soure e Salvaterra voc\u00ea ter\u00e1 a op\u00e7\u00e3o de ir de balsa ou lancha r\u00e1pida. Escolhemos ficar em Soure por ser a famosa &#8220;capital do Maraj\u00f3&#8221; e tamb\u00e9m a mais movimentada. Acordamos cedinho e fomos ao Terminal Hidrovi\u00e1rio de Bel\u00e9m rumo a Soure. <\/p>\n\n\n\n<p>A lancha r\u00e1pida \u00e9 da empresa Expresso Golfinho e o trecho custou 48 reais e a viagem durou cerca de 2 horas e foi bem confort\u00e1vel.<\/p>\n\n\n\n<p><\/p>\n\n\n\n<figure class=\"wp-block-image size-large\"><img loading=\"lazy\" decoding=\"async\" width=\"803\" height=\"569\" src=\"https:\/\/tvc16.com\/portal\/wp-content\/uploads\/2021\/03\/20210321_080135.jpg\" alt=\"\" class=\"wp-image-11580\" srcset=\"https:\/\/tvc16.com\/portal\/wp-content\/uploads\/2021\/03\/20210321_080135.jpg 803w, https:\/\/tvc16.com\/portal\/wp-content\/uploads\/2021\/03\/20210321_080135-300x213.jpg 300w, https:\/\/tvc16.com\/portal\/wp-content\/uploads\/2021\/03\/20210321_080135-768x544.jpg 768w\" sizes=\"auto, (max-width: 803px) 100vw, 803px\" \/><figcaption>Expresso Golfinho<\/figcaption><\/figure>\n\n\n\n<p><br><br>Ainda sobre a minha experi\u00eancia pessoal, o Expresso Golfinho n\u00e3o faz a travessia de volta at\u00e9 Bel\u00e9m no domingo, tivemos que comprar bilhete de uma ag\u00eancia de turismo &#8211; Edgar Turismo &#8211; e eles nos levaram de \u00f4nibus at\u00e9 atravessar a balsa e de l\u00e1 pegamos o navio ( seria mais como um barco maior ) de volta a Bel\u00e9m. A viagem demorou mais de tr\u00eas horas de travessia e o percurso total desde o ponto de encontro com a ag\u00eancia at\u00e9 Bel\u00e9m foi de 5 horas. A diferen\u00e7a \u00e9 gigante n\u00e3o \u00e9 ? Outra dica \u00e9 que o Expresso Golfinho por ser mais r\u00e1pido ele lota com facilidade, tivemos sorte de ainda achar bilhetes na ida. Mas, para segunda-feira por exemplo, ( voltamos no domingo) j\u00e1 estava esgotado havia 2 dias! <\/p>\n\n\n\n<p>A empresa n\u00e3o vende o bilhete online que dificulta ainda mais a vida. Minha dica \u00e9 ter muita aten\u00e7\u00e3o nesta travessia para evitar maiores transtornos. \u00c9 bom separar pelo menos 2 dias em Bel\u00e9m para comprar ida e volta antecipado &#8211; j\u00e1 que todo mundo faz isso.<\/p>\n\n\n\n<p><br>O QUE FIZ EM MARAJ\u00d3<\/p>\n\n\n\n<p><br>Bom, antes de falarmos do meu roteiro em Maraj\u00f3, queria recomendar que voc\u00ea reserve pelo menos uma semana na ilha. Por ser um para\u00edso de biodiversidade, uma calmaria de dar gosto e gente t\u00e3o simp\u00e1tica , voc\u00ea ficar\u00e1 com gosto de &#8220;quero mais&#8221; certeza. Ficamos tr\u00eas dias no munic\u00edpio de Soure em Maraj\u00f3, que foi extremamente pouquinho devido a quantidade de ilhotas ao redor. N\u00f3s tivemos uma programa\u00e7\u00e3o curta na ilha e tamb\u00e9m fomos em uma \u00e9poca n\u00e3o muito recomendada para turismo por l\u00e1 ( falarei mais adiante sobre quando ir) em \u00e9pocas de chuvas amaz\u00f4nicas n\u00e3o nos sobraram muitas op\u00e7\u00f5es.<br>Um ponto positivo \u00e9 que na baixa temporada, chamada popularmente de inverno amaz\u00f4nico, os pre\u00e7os s\u00e3o bem mais em conta com hospedagem, por\u00e9m as op\u00e7\u00f5es de locomo\u00e7\u00e3o e turismo s\u00e3o bem mais limitadas. Para se locomover em Soure voc\u00ea ter\u00e1 que usar o famoso moto t\u00e1xi ou t\u00e1xis, alugar uma moto ou uma bicicleta. Optamos por alugar uma moto, que deixou a viagem ainda mais aventureira. Nos hospedamos na rua 16 &#8211; sim \u00e9 como Bras\u00edlia as suas s\u00e3o apenas n\u00fameros &#8211; da nossa rua at\u00e9 o porto de chegada da cidade de Soure era bem pertinho, um pouco mais que 5 minutos caminhando e mais ou menos uns 15 minutos da Praia da Barra Velha uma das atra\u00e7\u00f5es da cidade.<\/p>\n\n\n\n<p><\/p>\n\n\n\n<figure class=\"wp-block-image size-large\"><img loading=\"lazy\" decoding=\"async\" width=\"806\" height=\"531\" src=\"https:\/\/tvc16.com\/portal\/wp-content\/uploads\/2021\/03\/20210321_080535.jpg\" alt=\"\" class=\"wp-image-11581\" srcset=\"https:\/\/tvc16.com\/portal\/wp-content\/uploads\/2021\/03\/20210321_080535.jpg 806w, https:\/\/tvc16.com\/portal\/wp-content\/uploads\/2021\/03\/20210321_080535-300x198.jpg 300w, https:\/\/tvc16.com\/portal\/wp-content\/uploads\/2021\/03\/20210321_080535-768x506.jpg 768w\" sizes=\"auto, (max-width: 806px) 100vw, 806px\" \/><figcaption>Fim de tarde na praia da Barra Velha &#8211; Soure<\/figcaption><\/figure>\n\n\n\n<p><br><\/p>\n\n\n\n<p><br>Passamos quase o dia todo na Praia da Barra Velha no nosso primeiro dia de Maraj\u00f3, foi uma tarde deliciosa, almo\u00e7o bem servido na praia, 28 reais custou o meu prato e a praia estava super vazia e agrad\u00e1vel. Al\u00e9m do caminho at\u00e9 Barra Velha ser cheio de fazendas com os famosos b\u00fafalos de Maraj\u00f3 e com muitos cavalos na estrada, assim \u00e9 Soure. A noite foi super agrad\u00e1vel no centrinho da cidade, nos sentamos em uma barraquinha de lanches e fizemos amigos a lua estava linda. Outra curiosidade de Soure \u00e9 que voc\u00ea n\u00e3o tem que se preocupar com seguran\u00e7a, por ser uma cidade super pacata, ainda mais em baixa temporada, tamb\u00e9m acaba sendo segura, o que j\u00e1 n\u00e3o acontece em Bel\u00e9m por exemplo.<\/p>\n\n\n\n<p><\/p>\n\n\n\n<p><\/p>\n\n\n\n<figure class=\"wp-block-image size-large\"><img loading=\"lazy\" decoding=\"async\" width=\"807\" height=\"523\" src=\"https:\/\/tvc16.com\/portal\/wp-content\/uploads\/2021\/03\/20210321_080931.jpg\" alt=\"\" class=\"wp-image-11582\" srcset=\"https:\/\/tvc16.com\/portal\/wp-content\/uploads\/2021\/03\/20210321_080931.jpg 807w, https:\/\/tvc16.com\/portal\/wp-content\/uploads\/2021\/03\/20210321_080931-300x194.jpg 300w, https:\/\/tvc16.com\/portal\/wp-content\/uploads\/2021\/03\/20210321_080931-768x498.jpg 768w, https:\/\/tvc16.com\/portal\/wp-content\/uploads\/2021\/03\/20210321_080931-370x241.jpg 370w, https:\/\/tvc16.com\/portal\/wp-content\/uploads\/2021\/03\/20210321_080931-761x492.jpg 761w\" sizes=\"auto, (max-width: 807px) 100vw, 807px\" \/><figcaption>O maior rebanho de b\u00fafalos do Brasil est\u00e1 em Soure<\/figcaption><\/figure>\n\n\n\n<p><br><br>No segundo dia, fomos cedo explorar a Praia do Pesqueiro. Esta praia est\u00e1 localizada a 8 km do nosso hostel. A Praia do Pesqueiro \u00e9 uma incr\u00edvel vila de pescadores e as casas s\u00e3o todas constru\u00eddas de madeira, cada uma ao gosto do morador, que a torna ainda mais r\u00fastica e aut\u00eantica. A areia desta praia \u00e9 bem mais soltinha e branquinha que a da Barra Velha e l\u00e1 tamb\u00e9m os turistas podem tirar fotos dos b\u00fafalos. Como este \u00e9 um blog que preza imensamente pelo bem estar dos animais, aqui eu n\u00e3o recomendo fazer passeios com b\u00fafalos ou tirar foto com eles, por mais que gere empregos e renda aos moradores da ilha, o bem estar dos animais neste BLOG \u00e9 prioridade sempre. \u00c9 claro, n\u00e3o fizemos nenhum tour com os animais.<\/p>\n\n\n\n<p><\/p>\n\n\n\n<p><\/p>\n\n\n\n<figure class=\"wp-block-image size-large\"><img loading=\"lazy\" decoding=\"async\" width=\"800\" height=\"466\" src=\"https:\/\/tvc16.com\/portal\/wp-content\/uploads\/2021\/03\/20210321_081224.jpg\" alt=\"\" class=\"wp-image-11583\" srcset=\"https:\/\/tvc16.com\/portal\/wp-content\/uploads\/2021\/03\/20210321_081224.jpg 800w, https:\/\/tvc16.com\/portal\/wp-content\/uploads\/2021\/03\/20210321_081224-300x175.jpg 300w, https:\/\/tvc16.com\/portal\/wp-content\/uploads\/2021\/03\/20210321_081224-768x447.jpg 768w\" sizes=\"auto, (max-width: 800px) 100vw, 800px\" \/><figcaption>Igarap\u00e9 do Po\u00e7o Encantado<\/figcaption><\/figure>\n\n\n\n<p><br><br>Bom, do Pesqueiro partimos para um tour n\u00e1utico super delicioso e que recomendo muito porque \u00e9 uma del\u00edcia. Fizemos o passeio &#8211; Igarap\u00e9 do Po\u00e7o Encantado &#8211; com o guia @renangaialima e custou 70 reais por pessoa. O tour \u00e9 incr\u00edvel, no caminho o barco vai passando pelo igarap\u00e9 do Pesqueiro at\u00e9 o igarap\u00e9 do Po\u00e7o Encantado, onde voc\u00ea pode apreciar a fauna e flora marajoara. N\u00e3o deixe de observar as gar\u00e7as e os vermelhinhos guar\u00e1s que contrastam com o verde das matas nativas. No percurso voc\u00ea vai conhecendo a vegeta\u00e7\u00e3o do mangue, \u00e9 lindo! No final do roteiro fomos at\u00e9 a vila de pescadores. O passeio \u00e9 sempre feito na mar\u00e9 alta, portanto n\u00e3o \u00e9 poss\u00edvel escolher um hor\u00e1rio fixo voc\u00ea precisa tirar este dia livre, garanto que n\u00e3o ir\u00e1 se arrepender.<\/p>\n\n\n\n<p><\/p>\n\n\n\n<p><\/p>\n\n\n\n<figure class=\"wp-block-image size-large\"><img loading=\"lazy\" decoding=\"async\" width=\"786\" height=\"535\" src=\"https:\/\/tvc16.com\/portal\/wp-content\/uploads\/2021\/03\/20210321_081259.jpg\" alt=\"\" class=\"wp-image-11584\" srcset=\"https:\/\/tvc16.com\/portal\/wp-content\/uploads\/2021\/03\/20210321_081259.jpg 786w, https:\/\/tvc16.com\/portal\/wp-content\/uploads\/2021\/03\/20210321_081259-300x204.jpg 300w, https:\/\/tvc16.com\/portal\/wp-content\/uploads\/2021\/03\/20210321_081259-768x523.jpg 768w\" sizes=\"auto, (max-width: 786px) 100vw, 786px\" \/><\/figure>\n\n\n\n<p><br><\/p>\n\n\n\n<p>Ao final do tour voc\u00ea retornar\u00e1 para a vila de pescadores do Pesqueiro. Aproveite para contemplar o final do dia nas \u00e1guas mornas da praia. Recomendo que de l\u00e1 siga para o centro da cidade e coma um delicioso p\u00e3o de queijo feito com leite de b\u00fafala na fazendinha Buba, um caf\u00e9 com deliciosas op\u00e7\u00f5es regionais. Para jantar fomos na @cozinhatucupi, culin\u00e1ria t\u00edpica marajoara. Como sou vegetariana senti falta de mais pratos para vegetarianos e veganos, mas n\u00e3o deixe de conhecer por que \u00e9 um ambiente agrad\u00e1vel a comida \u00e9 uma del\u00edcia, comi um sandu\u00edche de queijo de b\u00fafala com cebolas caramelizadas, al\u00e9m de provar o famoso caldo de tucupi com jambu.<\/p>\n\n\n\n<p><\/p>\n\n\n\n<figure class=\"wp-block-image size-large\"><img loading=\"lazy\" decoding=\"async\" width=\"798\" height=\"533\" src=\"https:\/\/tvc16.com\/portal\/wp-content\/uploads\/2021\/03\/20210321_081529.jpg\" alt=\"\" class=\"wp-image-11585\" srcset=\"https:\/\/tvc16.com\/portal\/wp-content\/uploads\/2021\/03\/20210321_081529.jpg 798w, https:\/\/tvc16.com\/portal\/wp-content\/uploads\/2021\/03\/20210321_081529-300x200.jpg 300w, https:\/\/tvc16.com\/portal\/wp-content\/uploads\/2021\/03\/20210321_081529-768x513.jpg 768w\" sizes=\"auto, (max-width: 798px) 100vw, 798px\" \/><figcaption>Casas na Ilha de Soure &#8211; Maraj\u00f3<\/figcaption><\/figure>\n\n\n\n<p><br><br>No nosso \u00faltimo dia de Soure, fomos conhecer o trabalho incr\u00edvel dos artes\u00e3os marajoara. S\u00e3o pe\u00e7as \u00fanicas produzidas a m\u00e3o em um trabalho colaborativo e social que \u00e9 fant\u00e1stico, d\u00e1 vontade de comprar tudo! <\/p>\n\n\n\n<p>Almo\u00e7amos em um restaurante maravilhoso, o prato veio muito bem servido e 50 reais custou nosso prato para dois! Voc\u00ea ter\u00e1 a oportunidade de provar o bife de carne de b\u00fafalo ( eu vegetariana troquei por omelete de queijo de b\u00fafala) \u00e9 uma comida muito saborosa. A tarde n\u00e3o deixe de ir provar os sorvetes marajoara no centro da cidade, feitos com as frutas t\u00edpicas, como a\u00e7a\u00ed e bacuri, e voc\u00ea encontra tamb\u00e9m sorvete de doce de leite de b\u00fafala. Provei todos, \u00e9 claro!<\/p>\n\n\n\n<p><\/p>\n\n\n\n<p><\/p>\n\n\n\n<figure class=\"wp-block-image size-large\"><img loading=\"lazy\" decoding=\"async\" width=\"797\" height=\"516\" src=\"https:\/\/tvc16.com\/portal\/wp-content\/uploads\/2021\/03\/20210321_081751.jpg\" alt=\"\" class=\"wp-image-11586\" srcset=\"https:\/\/tvc16.com\/portal\/wp-content\/uploads\/2021\/03\/20210321_081751.jpg 797w, https:\/\/tvc16.com\/portal\/wp-content\/uploads\/2021\/03\/20210321_081751-300x194.jpg 300w, https:\/\/tvc16.com\/portal\/wp-content\/uploads\/2021\/03\/20210321_081751-768x497.jpg 768w, https:\/\/tvc16.com\/portal\/wp-content\/uploads\/2021\/03\/20210321_081751-370x241.jpg 370w, https:\/\/tvc16.com\/portal\/wp-content\/uploads\/2021\/03\/20210321_081751-761x492.jpg 761w\" sizes=\"auto, (max-width: 797px) 100vw, 797px\" \/><figcaption>Arte Marajoara &#8211; artesanato<\/figcaption><\/figure>\n\n\n\n<p><\/p>\n\n\n\n<p><\/p>\n\n\n\n<p>QUANDO IR<\/p>\n\n\n\n<p><br>Antes de falarmos da melhor \u00e9poca, preciso explicar que l\u00e1 no Par\u00e1 por ser regi\u00e3o amaz\u00f4nica, eles tem o famoso \u201cInverno Amaz\u00f4nico&#8221; &#8211; que \u00e9 um nome popular utilizado por quem vive nestas regi\u00f5es para justificar um per\u00edodo com mais nebulosidade, chuva onde faz menos calor, nestas localidades.<\/p>\n\n\n\n<p><br>Essa \u00e9 uma dica preciosa, anote! Os meses que v\u00e3o de novembro a maio s\u00e3o os meses mais chuvosos, principalmente mar\u00e7o e abril. J\u00e1 os meses mais secos v\u00e3o de junho a outubro, sendo julho e agosto os melhores meses. Fomos em fevereiro, tivemos sorte de n\u00e3o pegarmos chuva em nossos passeios em Maraj\u00f3, por\u00e9m chovia toda noite.<\/p>\n\n\n\n<p><\/p>\n\n\n\n<p><\/p>\n\n\n\n<figure class=\"wp-block-image size-large\"><img loading=\"lazy\" decoding=\"async\" width=\"794\" height=\"525\" src=\"https:\/\/tvc16.com\/portal\/wp-content\/uploads\/2021\/03\/20210321_081958.jpg\" alt=\"\" class=\"wp-image-11587\" srcset=\"https:\/\/tvc16.com\/portal\/wp-content\/uploads\/2021\/03\/20210321_081958.jpg 794w, https:\/\/tvc16.com\/portal\/wp-content\/uploads\/2021\/03\/20210321_081958-300x198.jpg 300w, https:\/\/tvc16.com\/portal\/wp-content\/uploads\/2021\/03\/20210321_081958-768x508.jpg 768w\" sizes=\"auto, (max-width: 794px) 100vw, 794px\" \/><figcaption>Vegeta\u00e7\u00e3o nativa do Maraj\u00f3<\/figcaption><\/figure>\n\n\n\n<p><br><\/p>\n\n\n\n<p><br>Como eu viajo em modo slow travel hoje em dia, n\u00e3o tenho mais aquela obriga\u00e7\u00e3o de fazer todo o turismo poss\u00edvel. Em Maraj\u00f3 perdi horas conversando com locais, andei de moto, senti o cabelo sobre o rosto, vi o sol brilhar no horizonte, tomei banho de chuva e sujei os p\u00e9s, observei a mar\u00e9, senti a \u00e1gua molhar os meus p\u00e9s, respirei o mais fundo que pude, meditei, colhi carambola e acerola do p\u00e9, comi algumas mangas verdes, vi muitos b\u00fafalos, prestei a aten\u00e7\u00e3o nas casas, nas risadas das pessoas e vivi. Como disse ficaria mais tempo por l\u00e1, n\u00e3o menos que uma semana certamente. Mas quem disse que n\u00e3o d\u00e1 para viajar de modo lento mesmo tendo dias contados?<\/p>\n","protected":false},"excerpt":{"rendered":"<p>Por Andrine Perrone Este ano eu decidi que passaria meu anivers\u00e1rio (18\/02) neste para\u00edso chamado<\/p>\n","protected":false},"author":2,"featured_media":11576,"comment_status":"open","ping_status":"open","sticky":false,"template":"","format":"standard","meta":{"footnotes":""},"categories":[16],"tags":[],"class_list":["post-11575","post","type-post","status-publish","format-standard","has-post-thumbnail","hentry","category-colunistas"],"_links":{"self":[{"href":"https:\/\/tvc16.com\/portal\/wp-json\/wp\/v2\/posts\/11575","targetHints":{"allow":["GET"]}}],"collection":[{"href":"https:\/\/tvc16.com\/portal\/wp-json\/wp\/v2\/posts"}],"about":[{"href":"https:\/\/tvc16.com\/portal\/wp-json\/wp\/v2\/types\/post"}],"author":[{"embeddable":true,"href":"https:\/\/tvc16.com\/portal\/wp-json\/wp\/v2\/users\/2"}],"replies":[{"embeddable":true,"href":"https:\/\/tvc16.com\/portal\/wp-json\/wp\/v2\/comments?post=11575"}],"version-history":[{"count":2,"href":"https:\/\/tvc16.com\/portal\/wp-json\/wp\/v2\/posts\/11575\/revisions"}],"predecessor-version":[{"id":11590,"href":"https:\/\/tvc16.com\/portal\/wp-json\/wp\/v2\/posts\/11575\/revisions\/11590"}],"wp:featuredmedia":[{"embeddable":true,"href":"https:\/\/tvc16.com\/portal\/wp-json\/wp\/v2\/media\/11576"}],"wp:attachment":[{"href":"https:\/\/tvc16.com\/portal\/wp-json\/wp\/v2\/media?parent=11575"}],"wp:term":[{"taxonomy":"category","embeddable":true,"href":"https:\/\/tvc16.com\/portal\/wp-json\/wp\/v2\/categories?post=11575"},{"taxonomy":"post_tag","embeddable":true,"href":"https:\/\/tvc16.com\/portal\/wp-json\/wp\/v2\/tags?post=11575"}],"curies":[{"name":"wp","href":"https:\/\/api.w.org\/{rel}","templated":true}]}}