{"id":11591,"date":"2021-03-22T19:50:48","date_gmt":"2021-03-22T22:50:48","guid":{"rendered":"https:\/\/tvc16.com\/portal\/?p=11591"},"modified":"2021-03-22T19:50:51","modified_gmt":"2021-03-22T22:50:51","slug":"conjuntos-do-sistema-de-alerta-e-alarme-sao-usados-para-alertar-sobre-o-coronavirus","status":"publish","type":"post","link":"https:\/\/tvc16.com\/portal\/2021\/03\/22\/conjuntos-do-sistema-de-alerta-e-alarme-sao-usados-para-alertar-sobre-o-coronavirus\/","title":{"rendered":"Conjuntos do Sistema de Alerta e Alarme s\u00e3o usados para alertar sobre o coronav\u00edrus"},"content":{"rendered":"\n<p>Os 20 conjuntos do Sistema de Alerta e Alarme de Petr\u00f3polis est\u00e3o sendo usados pelo governo interino para alertar a popula\u00e7\u00e3o sobre o coronav\u00edrus. A mensagem pede para que os moradores evitem sair de casa, al\u00e9m de refor\u00e7ar a import\u00e2ncia do isolamento social e tamb\u00e9m dicas de higiene pessoal. Al\u00e9m disso, com esse mesmo objetivo, a Secretaria de Defesa Civil e A\u00e7\u00f5es Volunt\u00e1rias est\u00e1 usando um ve\u00edculo com uma sirene acoplada nas pra\u00e7as e nos bairros com den\u00fancias de aglomera\u00e7\u00e3o.<\/p>\n\n\n\n<p>\u201cPrecisamos do apoio da popula\u00e7\u00e3o para enfrentar o coronav\u00edrus. Evitem as aglomera\u00e7\u00f5es. A a\u00e7\u00e3o da Defesa Civil busca conscientizar os moradores atrav\u00e9s das mensagens nas sirenes\u201d, explica o prefeito interino Hingo Hammes.<\/p>\n\n\n\n<p>As sirenes fixas nos bairros tocam entre 17h e 18h. Os locais s\u00e3o: Gentio, Buraco do Sapo, 24 de Maio, Alto da Serra, Bingen, Dr. Thouzet, Independ\u00eancia, Quitandinha, S\u00e3o Sebasti\u00e3o, Sargento Boening, Sim\u00e9ria e Vila Felipe. J\u00e1 a opera\u00e7\u00e3o com os equipamentos m\u00f3veis come\u00e7ou no \u00faltimo fim de semana e acontece entre 14h e 15h. Segundo o tenente-coronel Gil Kempers, secret\u00e1rio de Defesa Civil e A\u00e7\u00f5es Volunt\u00e1rias, a ideia \u00e9 conscientizar a popula\u00e7\u00e3o.<\/p>\n\n\n\n<p>&#8220;O nosso pedido \u00e9 para que os moradores fiquem em casa e evitem as aglomera\u00e7\u00f5es&#8221;, disse Gil. &#8220;O uso da m\u00e1scara e do \u00e1lcool em gel permanece sendo necess\u00e1rio, a pandemia ainda n\u00e3o acabou. Estamos concentrando os nossos esfor\u00e7os para evitar a dissemina\u00e7\u00e3o do coronav\u00edrus&#8221;, concluiu o secret\u00e1rio.<\/p>\n","protected":false},"excerpt":{"rendered":"<p>Os 20 conjuntos do Sistema de Alerta e Alarme de Petr\u00f3polis est\u00e3o sendo usados pelo<\/p>\n","protected":false},"author":2,"featured_media":11592,"comment_status":"open","ping_status":"open","sticky":false,"template":"","format":"standard","meta":{"footnotes":""},"categories":[12],"tags":[],"class_list":["post-11591","post","type-post","status-publish","format-standard","has-post-thumbnail","hentry","category-cidade"],"_links":{"self":[{"href":"https:\/\/tvc16.com\/portal\/wp-json\/wp\/v2\/posts\/11591","targetHints":{"allow":["GET"]}}],"collection":[{"href":"https:\/\/tvc16.com\/portal\/wp-json\/wp\/v2\/posts"}],"about":[{"href":"https:\/\/tvc16.com\/portal\/wp-json\/wp\/v2\/types\/post"}],"author":[{"embeddable":true,"href":"https:\/\/tvc16.com\/portal\/wp-json\/wp\/v2\/users\/2"}],"replies":[{"embeddable":true,"href":"https:\/\/tvc16.com\/portal\/wp-json\/wp\/v2\/comments?post=11591"}],"version-history":[{"count":1,"href":"https:\/\/tvc16.com\/portal\/wp-json\/wp\/v2\/posts\/11591\/revisions"}],"predecessor-version":[{"id":11593,"href":"https:\/\/tvc16.com\/portal\/wp-json\/wp\/v2\/posts\/11591\/revisions\/11593"}],"wp:featuredmedia":[{"embeddable":true,"href":"https:\/\/tvc16.com\/portal\/wp-json\/wp\/v2\/media\/11592"}],"wp:attachment":[{"href":"https:\/\/tvc16.com\/portal\/wp-json\/wp\/v2\/media?parent=11591"}],"wp:term":[{"taxonomy":"category","embeddable":true,"href":"https:\/\/tvc16.com\/portal\/wp-json\/wp\/v2\/categories?post=11591"},{"taxonomy":"post_tag","embeddable":true,"href":"https:\/\/tvc16.com\/portal\/wp-json\/wp\/v2\/tags?post=11591"}],"curies":[{"name":"wp","href":"https:\/\/api.w.org\/{rel}","templated":true}]}}