{"id":11594,"date":"2021-03-22T19:55:27","date_gmt":"2021-03-22T22:55:27","guid":{"rendered":"https:\/\/tvc16.com\/portal\/?p=11594"},"modified":"2021-03-22T23:38:04","modified_gmt":"2021-03-23T02:38:04","slug":"pessoas-de-75-anos-poderao-se-vacinar-contra-a-covid-19-a-partir-desta-terca-feira","status":"publish","type":"post","link":"https:\/\/tvc16.com\/portal\/2021\/03\/22\/pessoas-de-75-anos-poderao-se-vacinar-contra-a-covid-19-a-partir-desta-terca-feira\/","title":{"rendered":"Pessoas de 75 anos poder\u00e3o se vacinar contra a covid-19 a partir desta ter\u00e7a-feira"},"content":{"rendered":"\n<p><em>Cadastro ser\u00e1 aberto nesta segunda (23\/3), \u00e0s 21h, e vacina\u00e7\u00e3o acontece em seis pontos<\/em><\/p>\n\n\n\n<p>A Prefeitura de Petr\u00f3polis inicia nesta ter\u00e7a-feira (23\/3) a vacina\u00e7\u00e3o de idosos com mais de 75 anos. Para se vacinar o idoso deve estar cadastrado junto a Secretaria de Sa\u00fade. O cadastro para este p\u00fablico deve ser feito pelo site da prefeitura (www.petropolis.rj.gov.br), a partir das 21h desta segunda-feira (22). A amplia\u00e7\u00e3o da faixa et\u00e1ria para receber o imunizante \u00e9 poss\u00edvel por conta da chegada de um novo lote com 14.285 doses de vacinas. Deste total, 14.170 s\u00e3o doses da CoronaVac, sendo 11.500 referentes a primeira dose e 2.670 referentes \u00e0 segunda dose do imunizante. Outras 115 vacinas s\u00e3o referentes \u00e0 primeira dose da vacina Oxford\/AstraZeneca.<\/p>\n\n\n\n<p>\u201cA chegada de lotes maiores de vacinas, como o de hoje, \u00e9 fundamental para que possamos ampliar a vacina\u00e7\u00e3o na cidade. Todos os esfor\u00e7os est\u00e3o sendo feitos para que possamos imunizar o maior n\u00famero de pessoas poss\u00edvel no prazo mais curto poss\u00edvel. Nesta ter\u00e7a-feira (23) abrimos a vacina\u00e7\u00e3o para idosos com mais de 75 anos, mas j\u00e1 estamos planejando o atendimento a outras faixas et\u00e1rias, assim como a amplia\u00e7\u00e3o do n\u00famero de postos de vacina\u00e7\u00e3o\u201d, diz o prefeito interino Hingo Hammes, lembrando que a vacina\u00e7\u00e3o est\u00e1 em andamento, mas \u00e9 fundamental que as pessoas mantenham as medidas preventivas para que seja poss\u00edvel conter a propaga\u00e7\u00e3o do v\u00edrus e superar este momento.<\/p>\n\n\n\n<p>At\u00e9 o \u00faltimo s\u00e1bado (20\/3), 18.637 pessoas foram vacinadas na cidade e 6.934 receberam a segunda dose. \u201cEstamos empenhados em acelerar a vacina\u00e7\u00e3o, principalmente entre os idosos, por conta a vulnerabilidade. A chegada deste lote com um maior n\u00famero de doses permitir\u00e1 a amplia\u00e7\u00e3o para mais uma faixa et\u00e1ria, dando cobertura aos idosos a partir de 75 anos e aos profissionais de sa\u00fade ainda n\u00e3o vacinados\u201d, explica o secret\u00e1rio de Sa\u00fade, Aloisio Barbosa da Silva Filho.<\/p>\n\n\n\n<p>A vacina\u00e7\u00e3o seguir\u00e1 sendo realizada em seis diferentes pontos da cidade: nas Unidades B\u00e1sicas de Sa\u00fade (UBSs) do Morin, do Quitandinha e do Itamarati &#8211; que funcionam de segunda a sexta-feira; e em tr\u00eas pontos que funcionam no sistema drive thru: no gin\u00e1sio da UCP no Bingen, no Parque de Exposi\u00e7\u00f5es em Itaipava, e no campus da UCP Benjamin Constant, no Centro, abertos de segunda a s\u00e1bado. Em todas unidades, a vacina\u00e7\u00e3o \u00e9 feita das 9h \u00e0s 16h.<\/p>\n\n\n\n<p>Para atender a demanda maior por vacina\u00e7\u00e3o, a Secretaria de Sa\u00fade ampliou na semana passada o n\u00famero di\u00e1rio de vagas para cadastro nos seis pontos de vacina\u00e7\u00e3o. Com isso a Secretaria passou a agendar a imuniza\u00e7\u00e3o de 200 pessoas em cada um dos tr\u00eas pontos de drive thru (Centro, Bingen e Itaipava) e 150 idosos por dia em cada uma das UBSs (Quitandinha, Morin e Itamarati).<\/p>\n\n\n\n<p>Para ser vacinado, o idoso precisa estar cadastrado no site da prefeitura (www.petropolis.rj.gov.br). No momento do cadastro \u00e9 importante estar atento ao dia em que o agendamento foi feito. O idoso deve comparecer ao ponto de vacina\u00e7\u00e3o escolhido na data marcada, portando CPF, identidade, cart\u00e3o de vacina e comprovante de resid\u00eancia.<\/p>\n\n\n\n<p>Importante lembrar que pessoas que testaram positivo para a Covid-19 nos \u00faltimos 30 dias ou que estejam com sintomas n\u00e3o poder\u00e3o ser vacinados neste momento. Por isso, devem aguardar e depois se apresentar em um dos postos de vacina\u00e7\u00e3o.<\/p>\n\n\n\n<p>A vacina\u00e7\u00e3o em Petr\u00f3polis segue as determina\u00e7\u00f5es do Minist\u00e9rio da Sa\u00fade. Atualmente est\u00e3o sendo vacinados simultaneamente na cidade: idosos com mais de 60 anos acamados; profissionais de sa\u00fade com mais de 60 anos e profissionais de sa\u00fade maiores de 18 anos e menores de 60 anos que apresentem comorbidades. Idosos com mais de 77 anos come\u00e7aram a ser vacinados na sexta-feira e nesta ter\u00e7a come\u00e7a a vacina\u00e7\u00e3o de idosos com mais de 75 anos.<\/p>\n\n\n\n<p><em>Cadastramento tamb\u00e9m pelo telefone<\/em><\/p>\n\n\n\n<p>Para facilitar o cadastramento de idosos que encontram dificuldades para lidar com a internet, a Secretaria de Sa\u00fade disponibilizou dois telefones para que idosos que est\u00e3o na faixa de vacina\u00e7\u00e3o possam solicitar, por telefone, o agendamento para a vacina\u00e7\u00e3o contra a Covid-19. Neste caso o idoso deve entrar em contato com a Secretaria de Sa\u00fade pelos telefones 2233-8850, 2233-8852. O atendimento est\u00e1 dispon\u00edvel de segunda a sexta-feira das 9h \u00e0s 16h.<\/p>\n\n\n\n<p>A Prefeitura mant\u00e9m ainda um atendimento via WhatsApp para esclarecer d\u00favidas da popula\u00e7\u00e3o sobre a vacina\u00e7\u00e3o contra a Covid-19. Nestes casos, as mensagens devem ser enviadas ao n\u00famero: (24) 99946-1161<\/p>\n","protected":false},"excerpt":{"rendered":"<p>Cadastro ser\u00e1 aberto nesta segunda (23\/3), \u00e0s 21h, e vacina\u00e7\u00e3o acontece em seis pontos A<\/p>\n","protected":false},"author":2,"featured_media":11595,"comment_status":"open","ping_status":"open","sticky":false,"template":"","format":"standard","meta":{"footnotes":""},"categories":[12],"tags":[],"class_list":["post-11594","post","type-post","status-publish","format-standard","has-post-thumbnail","hentry","category-cidade"],"_links":{"self":[{"href":"https:\/\/tvc16.com\/portal\/wp-json\/wp\/v2\/posts\/11594","targetHints":{"allow":["GET"]}}],"collection":[{"href":"https:\/\/tvc16.com\/portal\/wp-json\/wp\/v2\/posts"}],"about":[{"href":"https:\/\/tvc16.com\/portal\/wp-json\/wp\/v2\/types\/post"}],"author":[{"embeddable":true,"href":"https:\/\/tvc16.com\/portal\/wp-json\/wp\/v2\/users\/2"}],"replies":[{"embeddable":true,"href":"https:\/\/tvc16.com\/portal\/wp-json\/wp\/v2\/comments?post=11594"}],"version-history":[{"count":2,"href":"https:\/\/tvc16.com\/portal\/wp-json\/wp\/v2\/posts\/11594\/revisions"}],"predecessor-version":[{"id":11597,"href":"https:\/\/tvc16.com\/portal\/wp-json\/wp\/v2\/posts\/11594\/revisions\/11597"}],"wp:featuredmedia":[{"embeddable":true,"href":"https:\/\/tvc16.com\/portal\/wp-json\/wp\/v2\/media\/11595"}],"wp:attachment":[{"href":"https:\/\/tvc16.com\/portal\/wp-json\/wp\/v2\/media?parent=11594"}],"wp:term":[{"taxonomy":"category","embeddable":true,"href":"https:\/\/tvc16.com\/portal\/wp-json\/wp\/v2\/categories?post=11594"},{"taxonomy":"post_tag","embeddable":true,"href":"https:\/\/tvc16.com\/portal\/wp-json\/wp\/v2\/tags?post=11594"}],"curies":[{"name":"wp","href":"https:\/\/api.w.org\/{rel}","templated":true}]}}