{"id":11598,"date":"2021-03-22T23:39:40","date_gmt":"2021-03-23T02:39:40","guid":{"rendered":"https:\/\/tvc16.com\/portal\/?p=11598"},"modified":"2021-03-22T23:39:42","modified_gmt":"2021-03-23T02:39:42","slug":"petropolis-registra-mais-nove-mortes-por-covid-19","status":"publish","type":"post","link":"https:\/\/tvc16.com\/portal\/2021\/03\/22\/petropolis-registra-mais-nove-mortes-por-covid-19\/","title":{"rendered":"Petr\u00f3polis registra mais nove mortes por covid-19"},"content":{"rendered":"\n<p>O boletim epidemiol\u00f3gico da Secretaria de Sa\u00fade desta segunda-feira (22\/3) mostrou que Petr\u00f3polis fez, at\u00e9 agora, 129.411 testes para Covid-19, com 23.280 resultados positivos e 100.070 negativos (levando em considera\u00e7\u00e3o testes r\u00e1pidos e Swab). Mais nove \u00f3bitos foram contabilizados nesta segunda-feira (22\/3)<\/p>\n\n\n\n<p>Neste momento, 136 pessoas est\u00e3o internadas em leitos de UTI privados e pelo SUS. Outras 125 est\u00e3o em leitos cl\u00ednicos, considerando leitos privados e SUS, totalizando assim, 261 interna\u00e7\u00f5es em toda a rede da cidade. A ocupa\u00e7\u00e3o de leitos cl\u00ednicos pelo SUS \u00e9 de 83,54% e 89,81% em leitos de UTI.<\/p>\n\n\n\n<p>A Secretaria de Sa\u00fade esclarece que o n\u00famero de \u00f3bitos, hoje em 631, \u00e9 atualizado nos boletins apenas ap\u00f3s o registro do atestado de \u00f3bito e do resultado do exame do paciente no sistema da Vigil\u00e2ncia Epidemiol\u00f3gica, o que \u00e9 feito por equipe administrativa. Trata-se de medida de seguran\u00e7a para evitar erro na informa\u00e7\u00e3o divulgada pela Secretaria de Sa\u00fade.<\/p>\n\n\n\n<p>A Secretaria acrescenta, ainda, que trabalha na atualiza\u00e7\u00e3o de dados de notifica\u00e7\u00f5es e casos em an\u00e1lise no sistema, inserindo ainda dados n\u00e3o lan\u00e7ados no fim do ano passado. \u00c9 poss\u00edvel acompanhar a evolu\u00e7\u00e3o dos casos no portal da transpar\u00eancia do coronav\u00edrus, no site da Prefeitura (www.petropolis.rj.gov.br)<\/p>\n\n\n\n<p>Rela\u00e7\u00e3o de \u00f3bitos:<\/p>\n\n\n\n<p>1 \u2013 Homem, 47 anos, morador da Mosela. Internado no Hospital Unimed no dia 06.03.21. \u00d3bito registrado no Hospital Unimed no dia 21.03.21. Paciente com doen\u00e7a cardiovascular cr\u00f4nica<\/p>\n\n\n\n<p>2 \u2013 Homem, 73 anos, morador da Castel\u00e2nea. Interna\u00e7\u00e3o na UPA-Cascatinha em 13.03.21. \u00d3bito registrado na UPA-Cascatinha em 15.03.21. Paciente era hipertenso e tinha hist\u00f3rico de infarto agudo do mioc\u00e1rdio<\/p>\n\n\n\n<p>3 \u2013 Homem, 79 anos, morador do Caxambu. Interna\u00e7\u00e3o no Hospital Unimed em 22.02.21. \u00d3bito registrado no Hospital Unimed em 18.03.21. Paciente tinha diabetes.<\/p>\n\n\n\n<p>4 \u2013 Homem, 79 anos, morador de Cascatinha. Internado em 04.03.21 no HAC. \u00d3bito registrado no HAC em 19.03.21. Paciente tinha hipertens\u00e3o arterial e doen\u00e7a cardiovascular cr\u00f4nica.<\/p>\n\n\n\n<p>5 \u2013 Mulher, 96 anos, moradora do Quarteir\u00e3o Brasileiro. Exame positivo em 20.01.21. \u00d3bito ocorreu no dia 25.01.21. Idosa tinha Hipertens\u00e3o arterial e Diabetes<\/p>\n\n\n\n<p>6 \u2013 Mulher, 86 anos, moradora do Duarte da Silveira. Internada no Hospital Unimed em 15.02.21 e transferida para o SMH. \u00d3bito registrado no SMH no dia 05.03.21. Paciente tinha hipertens\u00e3o arterial.<\/p>\n\n\n\n<p>7 \u2013 Mulher, 79 anos, moradora do S\u00e3o Sebasti\u00e3o. Internada na UPA Cascatinha em 11.03.21 e transferida para o HMNSE. \u00d3bito registrado no dia 16.03.21 no HMNSE. Paciente tinha diabetes<\/p>\n\n\n\n<p>8 \u2013 Homem, 51 anos, morador de Nogueira. Internado na UPA Cascatinha no dia 28.02.21 e transferido para o HAC. \u00d3bito registrado no HAC no dia 19.03.21. Paciente tinha diabetes e hipotireoidismo.<\/p>\n\n\n\n<p>9 \u2013 Mulher, 31 anos, moradora de Araras. Internada no HAC no dia 08.03.21. \u00d3bito registrado em 19.03.21 no HAC. Paciente tinha hipertens\u00e3o arterial e obesidade.<\/p>\n","protected":false},"excerpt":{"rendered":"<p>O boletim epidemiol\u00f3gico da Secretaria de Sa\u00fade desta segunda-feira (22\/3) mostrou que Petr\u00f3polis fez, at\u00e9<\/p>\n","protected":false},"author":2,"featured_media":11599,"comment_status":"open","ping_status":"open","sticky":false,"template":"","format":"standard","meta":{"footnotes":""},"categories":[12],"tags":[],"class_list":["post-11598","post","type-post","status-publish","format-standard","has-post-thumbnail","hentry","category-cidade"],"_links":{"self":[{"href":"https:\/\/tvc16.com\/portal\/wp-json\/wp\/v2\/posts\/11598","targetHints":{"allow":["GET"]}}],"collection":[{"href":"https:\/\/tvc16.com\/portal\/wp-json\/wp\/v2\/posts"}],"about":[{"href":"https:\/\/tvc16.com\/portal\/wp-json\/wp\/v2\/types\/post"}],"author":[{"embeddable":true,"href":"https:\/\/tvc16.com\/portal\/wp-json\/wp\/v2\/users\/2"}],"replies":[{"embeddable":true,"href":"https:\/\/tvc16.com\/portal\/wp-json\/wp\/v2\/comments?post=11598"}],"version-history":[{"count":1,"href":"https:\/\/tvc16.com\/portal\/wp-json\/wp\/v2\/posts\/11598\/revisions"}],"predecessor-version":[{"id":11600,"href":"https:\/\/tvc16.com\/portal\/wp-json\/wp\/v2\/posts\/11598\/revisions\/11600"}],"wp:featuredmedia":[{"embeddable":true,"href":"https:\/\/tvc16.com\/portal\/wp-json\/wp\/v2\/media\/11599"}],"wp:attachment":[{"href":"https:\/\/tvc16.com\/portal\/wp-json\/wp\/v2\/media?parent=11598"}],"wp:term":[{"taxonomy":"category","embeddable":true,"href":"https:\/\/tvc16.com\/portal\/wp-json\/wp\/v2\/categories?post=11598"},{"taxonomy":"post_tag","embeddable":true,"href":"https:\/\/tvc16.com\/portal\/wp-json\/wp\/v2\/tags?post=11598"}],"curies":[{"name":"wp","href":"https:\/\/api.w.org\/{rel}","templated":true}]}}