{"id":1160,"date":"2020-09-24T17:14:03","date_gmt":"2020-09-24T17:14:03","guid":{"rendered":"https:\/\/tvc16.com\/portal\/?p=1160"},"modified":"2020-09-24T17:14:03","modified_gmt":"2020-09-24T17:14:03","slug":"comeca-hoje-a-temporada-20-21-do-circuito-brasileiro-de-volei-de-praia","status":"publish","type":"post","link":"https:\/\/tvc16.com\/portal\/2020\/09\/24\/comeca-hoje-a-temporada-20-21-do-circuito-brasileiro-de-volei-de-praia\/","title":{"rendered":"Come\u00e7a hoje a temporada 20\/21 do Circuito Brasileiro de V\u00f4lei de Praia"},"content":{"rendered":"\n<p>Finais da etapa acontecem no domingo<\/p>\n\n\n\n<p>Nesta quinta-feira (24), as duplas masculinas de v\u00f4lei de praia entraram em a\u00e7\u00e3o para os primeiros jogos da fase classificat\u00f3ria da etapa inicial do Circuito Brasileiro 20\/21. As partidas seguem at\u00e9 o pr\u00f3ximo domingo (27), no Centro de Desenvolvimento de Voleibol, em Saquarema (RJ). Esse \u00e9 o primeiro torneio do naipe masculino ap\u00f3s a paralisa\u00e7\u00e3o do calend\u00e1rio pela pandemia do novo coronav\u00edrus (covid-19) e tem diversos protocolos de preven\u00e7\u00e3o, inclusive a aus\u00eancia de p\u00fablico.<img decoding=\"async\" src=\"https:\/\/agenciabrasil.ebc.com.br\/ebc.png?id=1388830&amp;o=node\"><img decoding=\"async\" src=\"https:\/\/agenciabrasil.ebc.com.br\/ebc.gif?id=1388830&amp;o=node\"><\/p>\n\n\n\n<p>Uma das presen\u00e7as confirmadas na competi\u00e7\u00e3o \u00e9 a do campe\u00e3o mundial e atleta ol\u00edmpico Evandro, que junto de Bruno Schmidt representar\u00e1 o Brasil nos Jogos de T\u00f3quio no pr\u00f3ximo ano. \u201cEstou muito feliz em poder voltar a fazer o que amo, estar novamente competindo, colocando nosso time \u00e0 prova. Voltamos aos treinamentos h\u00e1 cerca de dois meses, mas o ritmo de jogo volta somente jogando os torneios, ser\u00e1 muito importante para nossa caminhada. Os protocolos s\u00e3o necess\u00e1rios para que possamos voltar em seguran\u00e7a, vimos que tudo transcorreu bem no feminino e acredito que o mesmo acontecer\u00e1 agora\u201d, disse Evandro.<\/p>\n\n\n\n<p>A fase principal do torneio \u00e9 formada por 16 duplas &#8211; 12 j\u00e1 classificadas pelo ranking e quatro que saem do qualifyig -, come\u00e7ando na sexta-feira (25).<\/p>\n\n\n\n<p>Os 12 times j\u00e1 garantidos pelo ranking s\u00e3o Andr\u00e9 Stein\/George (ES\/PB), Alison\/\u00c1lvaro Filho (ES\/PB), Evandro\/Bruno Schmidt (RJ\/DF), Guto\/Arthur Mariano (RJ\/MS), Pedro Solberg\/Vin\u00edcius (RJ\/ES), Vitor Felipe\/Arthur Lanci (PB\/PR), Hevaldo\/Saymon (CE\/MS), Renato\/Adrielson (PB\/PR), Oscar\/Thiago (RJ\/SC), Allison Francioni\/F\u00e1bio Bastos (SC\/CE), Bernardo Lima\/Eduardo Davi (CE\/PR) e J\u00f4\/Bruno de Paula (PB\/AM).<\/p>\n\n\n\n<p>Uma das novidades da temporada \u00e9 a estreia de algumas duplas. Entre elas, a do carioca Guto, melhor defensor da temporada 17\/18, com o bloqueador Arthur Mariano, terceiro colocado geral na \u00faltima edi\u00e7\u00e3o do circuito.&nbsp;<\/p>\n\n\n\n<p>Guto comentou a expectativa pela nova forma\u00e7\u00e3o e volta \u00e0s quadras ap\u00f3s o per\u00edodo de pandemia. &#8220;Estamos bem preparados psicologicamente. Sabemos o que temos que fazer, o que pode acontecer no torneio, estamos preparados tanto para as vit\u00f3rias quanto para as derrotas. Na parte f\u00edsica, estamos em processo de adapta\u00e7\u00e3o, ningu\u00e9m nunca parou de treinar tanto tempo, \u00e9 uma novidade para todos. Arthur tamb\u00e9m est\u00e1 vivendo a mudan\u00e7a de cidade, de t\u00e9cnico e preparador f\u00edsico. Estamos prontos para jogar, sabendo que n\u00e3o estamos 100% fisicamente, ainda longe do auge, mas temos uma base. Felizes e motivados, sabendo que esse retorno ser\u00e1 um espet\u00e1culo e que vamos dar nosso m\u00e1ximo&#8221;, declarou Guto.<\/p>\n\n\n\n<p>O paraibano Vitor Felipe, vice-campe\u00e3o da temporada passada ao lado de Ricardo, come\u00e7ar\u00e1 uma nova parceria no torneio desta semana. O medalhista pan-americano atuar\u00e1 ao lado do campe\u00e3o mundial Sub-21 Arthur Lanci e n\u00e3o esconde a empolga\u00e7\u00e3o para retomar as atividades e, de quebra, disputar os primeiros jogos oficiais ao lado do jovem paranaense.&nbsp;<\/p>\n\n\n\n<p>&#8220;Estou conhecendo o Arthur Lanci dentro da quadra agora, fizemos as primeiras atividades nesta semana, tamb\u00e9m por conta de toda a pandemia. Ele tem um astral muito bom, estou adorando essa conviv\u00eancia inicial fora de quadra. Nos primeiros treinos deu para ver que o jogo ser\u00e1 de uma maneira que gosto muito, bastante encaixado, com volume. Arthur \u00e9 um craque, possui muito controle de bola e uma vis\u00e3o de jogo absurda, est\u00e1 me ensinando muito. Acredito que ser\u00e1 um time muito competitivo, com muito potencial. Estou confiante. Vamos jogo a jogo, mas sabendo que cada um trabalhou muito e est\u00e1 muito motivado&#8221;, destacou Vitor.<\/p>\n\n\n\n<h2 class=\"wp-block-heading\">Formato de disputa<\/h2>\n\n\n\n<p>Depois que as 16 duplas estiverem definidas, elas ser\u00e3o divididas em quatro grupos com quatro duplas. Eles jogam duas vezes no grupo. Quem vence as duas partidas, sai em primeiro, quem vence um dos dois duelos, fica em segundo ou terceiro, e o time derrotado duas vezes, termina em quarto, eliminado na primeira fase.<\/p>\n\n\n\n<p>Os primeiros colocados de cada grupo seguem direto \u00e0s quartas de final, enquanto segundos e terceiros disputam uma rodada eliminat\u00f3ria a mais, da repescagem.&nbsp;<\/p>\n\n\n\n<p>O torneio segue em formato eliminat\u00f3rio direto, com quartas de final, semifinais e disputas de bronze e ouro.&nbsp;<\/p>\n\n\n\n<p>O calend\u00e1rio ainda prev\u00ea outras quatro etapas para este ano. A pr\u00f3xima ser\u00e1 em Saquarema, em outubro, entre os dias 15 a 18 (feminino) e 22 a 25 (masculino). As outras tr\u00eas etapas da temporada 20\/21 ainda ter\u00e3o locais definidos, mas j\u00e1 possuem datas. A terceira parada ser\u00e1 de 5 a 8 de novembro (feminino) e 12 a 15 de novembro (masculino). O quarto torneio ser\u00e1 de 2 a 6 de dezembro, e o quinto de 16 a 20 de dezembro, com possibilidade de realiza\u00e7\u00e3o dos dois naipes.<\/p>\n\n\n\n<h2 class=\"wp-block-heading\">Servi\u00e7o<\/h2>\n\n\n\n<p>CIRCUITO BRASILEIRO OPEN DE V\u00d4LEI DE PRAIA<\/p>\n\n\n\n<p>1\u00aa Etapa &#8211; Torneio Masculino &#8211; Temporada 20\/21<\/p>\n\n\n\n<p>Local: Centro de Desenvolvimento de Voleibol, Saquarema (RJ)<\/p>\n\n\n\n<p>Data: 24 a 27 de setembro<\/p>\n\n\n\n<p>Hor\u00e1rios: Quinta &#8211; 8h \u00e0s 15h; Sexta &#8211; 9h \u00e0s 13h e 15h \u00e0s 21h;<\/p>\n\n\n\n<p>S\u00e1bado &#8211; 9h \u00e0s 15h e 19h \u00e0s 21h; Domingo &#8211; 11h \u00e0s 13h<\/p>\n\n\n\n<p>Transmiss\u00e3o: voleidepraiatv.cbv.com.br e Facebook da CBV<\/p>\n\n\n\n<p>Por Juliano Justo &#8211; Rep\u00f3rter da R\u00e1dio Nacional e TV Brasil &#8211; Rio de Janeiro<\/p>\n\n\n\n<p>Edi\u00e7\u00e3o: Fernando Fraga<\/p>\n","protected":false},"excerpt":{"rendered":"<p>Finais da etapa acontecem no domingo Nesta quinta-feira (24), as duplas masculinas de v\u00f4lei de<\/p>\n","protected":false},"author":2,"featured_media":1161,"comment_status":"open","ping_status":"open","sticky":false,"template":"","format":"standard","meta":{"footnotes":""},"categories":[20],"tags":[],"class_list":["post-1160","post","type-post","status-publish","format-standard","has-post-thumbnail","hentry","category-esporte"],"_links":{"self":[{"href":"https:\/\/tvc16.com\/portal\/wp-json\/wp\/v2\/posts\/1160","targetHints":{"allow":["GET"]}}],"collection":[{"href":"https:\/\/tvc16.com\/portal\/wp-json\/wp\/v2\/posts"}],"about":[{"href":"https:\/\/tvc16.com\/portal\/wp-json\/wp\/v2\/types\/post"}],"author":[{"embeddable":true,"href":"https:\/\/tvc16.com\/portal\/wp-json\/wp\/v2\/users\/2"}],"replies":[{"embeddable":true,"href":"https:\/\/tvc16.com\/portal\/wp-json\/wp\/v2\/comments?post=1160"}],"version-history":[{"count":1,"href":"https:\/\/tvc16.com\/portal\/wp-json\/wp\/v2\/posts\/1160\/revisions"}],"predecessor-version":[{"id":1162,"href":"https:\/\/tvc16.com\/portal\/wp-json\/wp\/v2\/posts\/1160\/revisions\/1162"}],"wp:featuredmedia":[{"embeddable":true,"href":"https:\/\/tvc16.com\/portal\/wp-json\/wp\/v2\/media\/1161"}],"wp:attachment":[{"href":"https:\/\/tvc16.com\/portal\/wp-json\/wp\/v2\/media?parent=1160"}],"wp:term":[{"taxonomy":"category","embeddable":true,"href":"https:\/\/tvc16.com\/portal\/wp-json\/wp\/v2\/categories?post=1160"},{"taxonomy":"post_tag","embeddable":true,"href":"https:\/\/tvc16.com\/portal\/wp-json\/wp\/v2\/tags?post=1160"}],"curies":[{"name":"wp","href":"https:\/\/api.w.org\/{rel}","templated":true}]}}