{"id":11601,"date":"2021-03-22T23:43:02","date_gmt":"2021-03-23T02:43:02","guid":{"rendered":"https:\/\/tvc16.com\/portal\/?p=11601"},"modified":"2021-03-22T23:43:04","modified_gmt":"2021-03-23T02:43:04","slug":"medidas-restritivas-sao-ampliadas-em-petropolis-e-passam-a-valer-nesta-terca-feira","status":"publish","type":"post","link":"https:\/\/tvc16.com\/portal\/2021\/03\/22\/medidas-restritivas-sao-ampliadas-em-petropolis-e-passam-a-valer-nesta-terca-feira\/","title":{"rendered":"Medidas restritivas s\u00e3o ampliadas em Petr\u00f3polis e passam a valer nesta ter\u00e7a-feira"},"content":{"rendered":"\n<p>A Prefeitura de Petr\u00f3polis vai ampliar a partir desta ter\u00e7a-feira (23) as medidas de restri\u00e7\u00e3o para enfrentamento da covid-19 no munic\u00edpio. No novo decreto, que ser\u00e1 publicado no Di\u00e1rio Oficial do Munic\u00edpio desta segunda-feira (22), com efeitos a partir desta ter\u00e7a-feira (23), o governo anuncia refor\u00e7o nas a\u00e7\u00f5es nas barreiras sanit\u00e1rias, limita a entrada de turistas e visitantes e determina o fechamento dos pontos tur\u00edsticos p\u00fablicos e privados. O objetivo \u00e9 evitar a migra\u00e7\u00e3o de pessoas de fora para a cidade, buscando impedir o aumento da circula\u00e7\u00e3o dentro do munic\u00edpio. As medidas valem at\u00e9 sexta-feira (26), quando o Governo do Estado deve publicar decreto com as determina\u00e7\u00f5es para todos os munic\u00edpios fluminenses.<\/p>\n\n\n\n<p>Nas barreiras sanit\u00e1rias, ser\u00e3o liberadas para entrada na cidade pessoas que apresentarem comprovante de que s\u00e3o do munic\u00edpio. O acesso de pessoas de outras cidades s\u00f3 ser\u00e1 permitido \u00e0quelas que comprovarem propriedade de im\u00f3vel em Petr\u00f3polis ou apresentarem voucher demonstrando reserva em meio de hospedagem local ou agendamento para compra nos polos de moda (que ser\u00e3o disponibilizados pelos pr\u00f3prios polos de moda).<\/p>\n\n\n\n<p>O prefeito interino Hingo Hammes lembrou que as medidas t\u00eam como objetivo evitar o aumento da circula\u00e7\u00e3o de pessoas no munic\u00edpio. \u201cAs restri\u00e7\u00f5es n\u00e3o s\u00e3o desejadas, mas s\u00e3o necess\u00e1rias neste momento. Estamos trabalhando para desacelerar a taxa de cont\u00e1gio e, ao mesmo tempo, dar condi\u00e7\u00f5es para que o nosso sistema de sa\u00fade consiga atender a demanda da popula\u00e7\u00e3o. Ampliamos o n\u00famero de leitos e estamos refor\u00e7ando as a\u00e7\u00f5es de fiscaliza\u00e7\u00e3o e conscientiza\u00e7\u00e3o. \u00c9 importante que a popula\u00e7\u00e3o fa\u00e7a sua parte, cumprindo as determina\u00e7\u00f5es. Pe\u00e7o que mantenham o distanciamento social, evitem aglomera\u00e7\u00f5es, usem m\u00e1scaras e mantenham as m\u00e3os sempre limpas e higienizadas\u201d, apontou, acrescentando que aguarda a publica\u00e7\u00e3o dos decretos estaduais de restri\u00e7\u00e3o. \u201cVamos seguir o que for determinado\u201d, garantiu.<\/p>\n\n\n\n<p>Al\u00e9m das medidas para evitar a entrada de pessoas de fora do munic\u00edpio, a Prefeitura de Petr\u00f3polis manter\u00e1 medidas restritivas j\u00e1 adotadas, com algumas altera\u00e7\u00f5es. O funcionamento de bares e restaurantes, assim como do com\u00e9rcio de rua, seguir\u00e1 limitado ao hor\u00e1rio das 5h \u00e0s 22h. Nos estabelecimentos, o funcionamento deve ser mantido com limite m\u00e1ximo de 50% da capacidade.<\/p>\n\n\n\n<p>Nos setores de com\u00e9rcio e servi\u00e7os, as mudan\u00e7as t\u00eam rela\u00e7\u00e3o com os hor\u00e1rios: haver\u00e1 escalonamento no hor\u00e1rio de funcionamento, com o objetivo de evitar sobrecarga no transporte p\u00fablico nos hor\u00e1rios de pico.<\/p>\n\n\n\n<p>\u201cPetr\u00f3polis tem uma rede de sa\u00fade estruturada, que foi capaz de suprir a demanda at\u00e9 aqui. \u00c9 importante, no entanto, que sejamos respons\u00e1veis. Houve aumento tanto na procura pelos pontos de apoio quanto no volume de interna\u00e7\u00f5es de pacientes com covid-19. No fim de semana os n\u00fameros se mantiveram est\u00e1veis, mas precisamos atuar de maneira preventiva\u201d, lembrou o secret\u00e1rio municipal de Sa\u00fade, Aloisio Barbosa da Silva Filho.<\/p>\n\n\n\n<p>Apenas na \u00faltima semana, com o aumento da demanda no sistema de sa\u00fade, a Prefeitura de Petr\u00f3polis j\u00e1 abriu novos leitos de retaguarda no Hospital Alcides Carneiro (HAC) e no Hospital Municipal Nelson de S\u00e1 Earp (HMNSE), aumentou a capacidade da UPA de Cascatinha (UPA Vermelha) e conseguiu a ativa\u00e7\u00e3o de leitos que estavam bloqueados na rede conveniada. \u201cTamb\u00e9m estamos em processo para abertura de leitos cl\u00ednicos no Hospital Santa M\u00f4nica, que vai servir de unidade de apoio para o combate \u00e0 covid-19\u201d, detalhou o secret\u00e1rio, frisando que, al\u00e9m de atuar na consequ\u00eancia, o munic\u00edpio busca atuar tamb\u00e9m na causa do aumento de casos. \u201cAs medidas restritivas t\u00eam como objetivo agir na causa. \u00c9 importante que todos evitem as aglomera\u00e7\u00f5es e adotem todas as medidas de preven\u00e7\u00e3o \u00e0 covid-19\u201d, frisou.<\/p>\n\n\n\n<p>O infectologista Jos\u00e9 Henrique Castrioto, que atua na rede municipal de sa\u00fade, lembrou que a ades\u00e3o da popula\u00e7\u00e3o \u00e0 campanha de combate \u00e0 covid-19 \u00e9 fundamental neste momento. \u201cO respeito \u00e0s medidas restritivas \u00e9 essencial. As pessoas precisam entender que s\u00e3o elas que transmitem o v\u00edrus, portanto, para conter sua dissemina\u00e7\u00e3o, \u00e9 fundamental que as pessoas s\u00f3 saiam de casa se for extremamente necess\u00e1rio\u201d, finalizou.<\/p>\n\n\n\n<p>Principais medidas previstas no decreto:<\/p>\n\n\n\n<ul class=\"wp-block-list\"><li>O decreto ser\u00e1 disponibilizado ainda nesta segunda-feira (22), no site da Prefeitura de Petr\u00f3polis (www.petropolis.rj.gov.br).<\/li><li>Fica vedada a perman\u00eancia de indiv\u00edduos nas vias, \u00e1reas e pra\u00e7as p\u00fablicas do Munic\u00edpio no hor\u00e1rio das 22h \u00e0s 5h.<\/li><li>Ficam vedadas: qualquer tipo de aglomera\u00e7\u00e3o, seja em \u00e1rea p\u00fablica ou privada; funcionamento de pistas de dan\u00e7as e cong\u00eaneres; ingresso de \u00f4nibus e vans de excurs\u00e3o.<\/li><li>Ficam fechados os pontos tur\u00edsticos da cidade.<\/li><li>Fica restrito ao per\u00edodo entre 11h e 20h o hor\u00e1rio de funcionamento do com\u00e9rcio, inclusive com\u00e9rcios de rua, bem como demais atividades econ\u00f4micas. Para estes a circula\u00e7\u00e3o de p\u00fablico fica limitada a 50% da capacidade instalada, incluindo-se aqueles que funcionam no interior de shoppings e centros comerciais. No polo de moda da Rua Teresa o hor\u00e1rio ser\u00e1 de 8h30 \u00e0s 18h; no Centro Hist\u00f3rico, das 10h \u00e0s 19h; no polo de modas do Bingen, das 8h30 \u00e0s 18h; e no polo de Itaipava, das 10h \u00e0s 19h.<\/li><li>Nos pontos de controle sanit\u00e1rio os agentes dever\u00e3o: solicitar a parada do ve\u00edculo; aferir a temperatura do condutor do ve\u00edculo e de todos os passageiros; e solicitar do condutor do ve\u00edculo a apresenta\u00e7\u00e3o de voucher emitido pelos polos de modas da Rua Teresa, Bingen e Feirinha de Itaipava ou comprovante de hospedagem, conforme o caso. Os agentes dever\u00e3o solicitar que o ve\u00edculo n\u00e3o ingresse no territ\u00f3rio municipal e retorne ao local de origem se o condutor ou um dos passageiros apresentar temperatura superior a 37,8\u00ba; se o condutor n\u00e3o apresentar voucher emitido pelos polos de modas da Rua Teresa, Bingen e Feirinha de Itaipava ou comprovante de hospedagem, conforme o caso; ou se todos os passageiros n\u00e3o apresentarem comprovante de hospedagem.<\/li><li>O hor\u00e1rio de funcionamento dos bares, lanchonetes, restaurantes e atividades semelhantes, para o atendimento presencial de qualquer natureza fica restrito ao per\u00edodo das 5h \u00e0s 22h, com a circula\u00e7\u00e3o de p\u00fablico limitada a 50% da capacidade instalada, incluindo-se aqueles que funcionam no interior de shoppings e centros comerciais.<\/li><li>As atividades nos templos e nos cultos religiosos ficam limitadas a 50% de sua capacidade de ocupa\u00e7\u00e3o.<\/li><\/ul>\n","protected":false},"excerpt":{"rendered":"<p>A Prefeitura de Petr\u00f3polis vai ampliar a partir desta ter\u00e7a-feira (23) as medidas de restri\u00e7\u00e3o<\/p>\n","protected":false},"author":2,"featured_media":11602,"comment_status":"open","ping_status":"open","sticky":false,"template":"","format":"standard","meta":{"footnotes":""},"categories":[12],"tags":[],"class_list":["post-11601","post","type-post","status-publish","format-standard","has-post-thumbnail","hentry","category-cidade"],"_links":{"self":[{"href":"https:\/\/tvc16.com\/portal\/wp-json\/wp\/v2\/posts\/11601","targetHints":{"allow":["GET"]}}],"collection":[{"href":"https:\/\/tvc16.com\/portal\/wp-json\/wp\/v2\/posts"}],"about":[{"href":"https:\/\/tvc16.com\/portal\/wp-json\/wp\/v2\/types\/post"}],"author":[{"embeddable":true,"href":"https:\/\/tvc16.com\/portal\/wp-json\/wp\/v2\/users\/2"}],"replies":[{"embeddable":true,"href":"https:\/\/tvc16.com\/portal\/wp-json\/wp\/v2\/comments?post=11601"}],"version-history":[{"count":1,"href":"https:\/\/tvc16.com\/portal\/wp-json\/wp\/v2\/posts\/11601\/revisions"}],"predecessor-version":[{"id":11603,"href":"https:\/\/tvc16.com\/portal\/wp-json\/wp\/v2\/posts\/11601\/revisions\/11603"}],"wp:featuredmedia":[{"embeddable":true,"href":"https:\/\/tvc16.com\/portal\/wp-json\/wp\/v2\/media\/11602"}],"wp:attachment":[{"href":"https:\/\/tvc16.com\/portal\/wp-json\/wp\/v2\/media?parent=11601"}],"wp:term":[{"taxonomy":"category","embeddable":true,"href":"https:\/\/tvc16.com\/portal\/wp-json\/wp\/v2\/categories?post=11601"},{"taxonomy":"post_tag","embeddable":true,"href":"https:\/\/tvc16.com\/portal\/wp-json\/wp\/v2\/tags?post=11601"}],"curies":[{"name":"wp","href":"https:\/\/api.w.org\/{rel}","templated":true}]}}