{"id":11604,"date":"2021-03-22T23:48:33","date_gmt":"2021-03-23T02:48:33","guid":{"rendered":"https:\/\/tvc16.com\/portal\/?p=11604"},"modified":"2021-03-22T23:49:06","modified_gmt":"2021-03-23T02:49:06","slug":"mais-de-900-sao-vacinadas-nesta-segunda-feira","status":"publish","type":"post","link":"https:\/\/tvc16.com\/portal\/2021\/03\/22\/mais-de-900-sao-vacinadas-nesta-segunda-feira\/","title":{"rendered":"Mais de 900 pessoas s\u00e3o vacinadas nesta segunda-feira"},"content":{"rendered":"\n<p>As equipes de enfermagem, sob coordena\u00e7\u00e3o do departamento de Vigil\u00e2ncia em Sa\u00fade, deram sequ\u00eancia nesta segunda-feira (22.03), a vacina\u00e7\u00e3o contra a Covid-19. Durante todo o dia, 911 pessoas foram vacinadas na cidade, destas 195 receberam a segunda dose. At\u00e9 o momento 19.353 pessoas receberam a primeira dose e outras 7.129 receberam a segunda dose do imunizante.<\/p>\n\n\n\n<p>Nos pontos de drive thru do Centro, de Itaipava e do Bingen e nas UBSs do Morin, Itamarati e Quitandinha 626 idosos foram vacinados recebendo a primeira dose e 138 a segunda dose. Em paralelo, equipes do Servi\u00e7o de Atendimento Domiciliar (SAD) e dos PSFs vacinaram 74 pessoas, destas 28 receberam a primeira dose e 46 receberam a segunda dose da vacina.<\/p>\n\n\n\n<p>Equipes vacinaram ainda 73 profissionais de Sa\u00fade, sendo 11 deles recebendo a segunda dose.<\/p>\n\n\n\n<p>A vacina\u00e7\u00e3o de idosos com mais de 75, que come\u00e7a nesta ter\u00e7a-feira a (23.03), seguir\u00e1 no campus da Universidade Cat\u00f3lica de Petr\u00f3polis (UCP) na Rua Benjamin Constant \u2013 Centro, no Parque Municipal, em Itaipava, na UCP do Bingen, que funcionam de segunda a s\u00e1bado. E ainda nas UBSs do Quitandinha, do Itamarati e do Morin, onde a vacina\u00e7\u00e3o \u00e9 feita de segunda a sexta-feira.<\/p>\n\n\n\n<p>Para receber a vacina, idosos devem estar cadastrados no site da prefeitura. (www.petropolis.rj.gov.br). Importante destacar que nos pontos de drive thru, idosos que chegam a p\u00e9 tamb\u00e9m s\u00e3o vacinados. A vacina\u00e7\u00e3o em todos os pontos \u00e9 feita sempre das 9h \u00e0s 16h. Pacientes acamados continuam sendo vacinados.<\/p>\n\n\n\n<p>A Prefeitura mant\u00e9m ainda um atendimento via WhatsApp para esclarecer d\u00favidas da popula\u00e7\u00e3o sobre a vacina\u00e7\u00e3o contra a Covid-19. Nestes casos, as mensagens devem ser enviadas ao n\u00famero: (24) 99946-1161<\/p>\n","protected":false},"excerpt":{"rendered":"<p>As equipes de enfermagem, sob coordena\u00e7\u00e3o do departamento de Vigil\u00e2ncia em Sa\u00fade, deram sequ\u00eancia nesta<\/p>\n","protected":false},"author":2,"featured_media":11605,"comment_status":"open","ping_status":"open","sticky":false,"template":"","format":"standard","meta":{"footnotes":""},"categories":[12],"tags":[],"class_list":["post-11604","post","type-post","status-publish","format-standard","has-post-thumbnail","hentry","category-cidade"],"_links":{"self":[{"href":"https:\/\/tvc16.com\/portal\/wp-json\/wp\/v2\/posts\/11604","targetHints":{"allow":["GET"]}}],"collection":[{"href":"https:\/\/tvc16.com\/portal\/wp-json\/wp\/v2\/posts"}],"about":[{"href":"https:\/\/tvc16.com\/portal\/wp-json\/wp\/v2\/types\/post"}],"author":[{"embeddable":true,"href":"https:\/\/tvc16.com\/portal\/wp-json\/wp\/v2\/users\/2"}],"replies":[{"embeddable":true,"href":"https:\/\/tvc16.com\/portal\/wp-json\/wp\/v2\/comments?post=11604"}],"version-history":[{"count":2,"href":"https:\/\/tvc16.com\/portal\/wp-json\/wp\/v2\/posts\/11604\/revisions"}],"predecessor-version":[{"id":11607,"href":"https:\/\/tvc16.com\/portal\/wp-json\/wp\/v2\/posts\/11604\/revisions\/11607"}],"wp:featuredmedia":[{"embeddable":true,"href":"https:\/\/tvc16.com\/portal\/wp-json\/wp\/v2\/media\/11605"}],"wp:attachment":[{"href":"https:\/\/tvc16.com\/portal\/wp-json\/wp\/v2\/media?parent=11604"}],"wp:term":[{"taxonomy":"category","embeddable":true,"href":"https:\/\/tvc16.com\/portal\/wp-json\/wp\/v2\/categories?post=11604"},{"taxonomy":"post_tag","embeddable":true,"href":"https:\/\/tvc16.com\/portal\/wp-json\/wp\/v2\/tags?post=11604"}],"curies":[{"name":"wp","href":"https:\/\/api.w.org\/{rel}","templated":true}]}}