{"id":11608,"date":"2021-03-22T23:49:56","date_gmt":"2021-03-23T02:49:56","guid":{"rendered":"https:\/\/tvc16.com\/portal\/?p=11608"},"modified":"2021-03-22T23:49:58","modified_gmt":"2021-03-23T02:49:58","slug":"jardim-botanico-no-lago-de-nogueira-pode-avancar","status":"publish","type":"post","link":"https:\/\/tvc16.com\/portal\/2021\/03\/22\/jardim-botanico-no-lago-de-nogueira-pode-avancar\/","title":{"rendered":"Jardim Bot\u00e2nico no Lago de Nogueira pode avan\u00e7ar"},"content":{"rendered":"\n<p>Representantes de cinco secretarias de governo (Turismo, Desenvolvimento Econ\u00f4mico, Obras, Meio Ambiente e Coordenadoria de Planejamento e Gest\u00e3o Estrat\u00e9gica) representaram o prefeito interino Hingo Hammes em reuni\u00e3o realizada na manh\u00e3 de hoje (22\/03), no Clube Promenade, com membros do Comit\u00ea Pr\u00f3-Jardim Bot\u00e2nico de Nogueira (Projardim). O objetivo do encontro foi o de viabilizar a execu\u00e7\u00e3o da primeira etapa do projeto de implanta\u00e7\u00e3o do Jardim Bot\u00e2nico nos arredores do lago do bairro.<\/p>\n\n\n\n<p>O projeto j\u00e1 conta com um recurso da ordem de R$ 931 mil, obtido atrav\u00e9s de conv\u00eanio assinado em 2019 com o Minist\u00e9rio do Turismo, que prev\u00ea a reurbaniza\u00e7\u00e3o de todo o entorno do lago, assim como a implanta\u00e7\u00e3o dos jardins e alamedas. A Prefeitura pretende agora fazer os ajustes necess\u00e1rios no edital da primeira fase proposta, para que possa ser realizada a licita\u00e7\u00e3o para a execu\u00e7\u00e3o das obras iniciais.<\/p>\n\n\n\n<p>Em seguida, ser\u00e1 feita a capta\u00e7\u00e3o de recursos para uma segunda fase do projeto, que prev\u00ea a implanta\u00e7\u00e3o de decks de madeira ecol\u00f3gica em pontos espec\u00edficos e a recupera\u00e7\u00e3o de toda a pista do entorno. O projeto prev\u00ea ainda a implanta\u00e7\u00e3o de ilumina\u00e7\u00e3o p\u00fablica em volta de todo o lago, que poder\u00e1 ser executada com valores da contribui\u00e7\u00e3o de ilumina\u00e7\u00e3o p\u00fablica (CIP).<\/p>\n\n\n\n<p>O secret\u00e1rio de Turismo Samir El Ghaoui, que \u00e9 morador de Nogueira, falou sobre o carinho especial que tem com esse projeto e da import\u00e2ncia que ele representa para a cidade como um todo. \u201cO mais importante \u00e9 que estamos saindo desse encontro sabendo onde estamos e onde queremos chegar. O caminho \u00e9 dar in\u00edcio a essa primeira fase e, a partir de ent\u00e3o, envolver novas parcerias p\u00fablicas e privadas que viabilizem o restante do planejado\u201d.<\/p>\n\n\n\n<p>O engenheiro Lu\u00eds Eduardo Bas\u00edlio, presidente do Comit\u00ea Projardim, agradeceu aos secret\u00e1rios pela iniciativa de retomar as discuss\u00f5es sobre o projeto e disse que essa luta vem sendo feita h\u00e1 oito anos, quando a possibilidade de implanta\u00e7\u00e3o de uma esta\u00e7\u00e3o de tratamento de \u00e1gua no local fez com que a sociedade civil se mobilizasse em torno na cria\u00e7\u00e3o de um Parque Municipal na \u00e1rea.<\/p>\n\n\n\n<p>Tamb\u00e9m estiveram presentes na reuni\u00e3o o secret\u00e1rio de Desenvolvimento Econ\u00f4mico Marcelo Soares; o secret\u00e1rio de Meio Ambiente Edmardo Campbell; e servidores das demais secretarias citadas. O projeto executivo, em sua totalidade, prev\u00ea a execu\u00e7\u00e3o de melhorias como a recupera\u00e7\u00e3o de cal\u00e7adas e guarda-corpo, constru\u00e7\u00e3o de decks, estufa de vidro, espa\u00e7o para pesquisas cient\u00edficas, banheiros, \u00e1reas de atendimento ao p\u00fablico, entre outros.<\/p>\n","protected":false},"excerpt":{"rendered":"<p>Representantes de cinco secretarias de governo (Turismo, Desenvolvimento Econ\u00f4mico, Obras, Meio Ambiente e Coordenadoria de<\/p>\n","protected":false},"author":2,"featured_media":11609,"comment_status":"open","ping_status":"open","sticky":false,"template":"","format":"standard","meta":{"footnotes":""},"categories":[12],"tags":[],"class_list":["post-11608","post","type-post","status-publish","format-standard","has-post-thumbnail","hentry","category-cidade"],"_links":{"self":[{"href":"https:\/\/tvc16.com\/portal\/wp-json\/wp\/v2\/posts\/11608","targetHints":{"allow":["GET"]}}],"collection":[{"href":"https:\/\/tvc16.com\/portal\/wp-json\/wp\/v2\/posts"}],"about":[{"href":"https:\/\/tvc16.com\/portal\/wp-json\/wp\/v2\/types\/post"}],"author":[{"embeddable":true,"href":"https:\/\/tvc16.com\/portal\/wp-json\/wp\/v2\/users\/2"}],"replies":[{"embeddable":true,"href":"https:\/\/tvc16.com\/portal\/wp-json\/wp\/v2\/comments?post=11608"}],"version-history":[{"count":1,"href":"https:\/\/tvc16.com\/portal\/wp-json\/wp\/v2\/posts\/11608\/revisions"}],"predecessor-version":[{"id":11610,"href":"https:\/\/tvc16.com\/portal\/wp-json\/wp\/v2\/posts\/11608\/revisions\/11610"}],"wp:featuredmedia":[{"embeddable":true,"href":"https:\/\/tvc16.com\/portal\/wp-json\/wp\/v2\/media\/11609"}],"wp:attachment":[{"href":"https:\/\/tvc16.com\/portal\/wp-json\/wp\/v2\/media?parent=11608"}],"wp:term":[{"taxonomy":"category","embeddable":true,"href":"https:\/\/tvc16.com\/portal\/wp-json\/wp\/v2\/categories?post=11608"},{"taxonomy":"post_tag","embeddable":true,"href":"https:\/\/tvc16.com\/portal\/wp-json\/wp\/v2\/tags?post=11608"}],"curies":[{"name":"wp","href":"https:\/\/api.w.org\/{rel}","templated":true}]}}