{"id":11611,"date":"2021-03-22T23:53:21","date_gmt":"2021-03-23T02:53:21","guid":{"rendered":"https:\/\/tvc16.com\/portal\/?p=11611"},"modified":"2021-03-22T23:53:48","modified_gmt":"2021-03-23T02:53:48","slug":"dia-mundial-da-agua-projeto-refloresta-area-proxima-a-nascente-degradada-em-araras","status":"publish","type":"post","link":"https:\/\/tvc16.com\/portal\/2021\/03\/22\/dia-mundial-da-agua-projeto-refloresta-area-proxima-a-nascente-degradada-em-araras\/","title":{"rendered":"Dia Mundial da \u00c1gua: Projeto refloresta \u00e1rea pr\u00f3xima \u00e0 nascente degradada em Araras"},"content":{"rendered":"\n<p>Nesta segunda-feira (22), data em que se comemora o dia mundial da \u00e1gua, foi realizada em Araras mais uma a\u00e7\u00e3o do programa Floresta Viva. O projeto foi idealizado para recuperar \u00e1reas degradadas por queimadas, assim como nascentes e matas, auxiliando o ecossistema na recomposi\u00e7\u00e3o da fauna e flora local. O trabalho \u00e9 realizado em parceria com o Projeto Araras e tem a responsabilidade t\u00e9cnica da Engenheira Agr\u00f4noma, Carolina Rodrigues.&nbsp;<\/p>\n\n\n\n<figure class=\"wp-block-image size-large\"><img loading=\"lazy\" decoding=\"async\" width=\"1024\" height=\"768\" src=\"https:\/\/tvc16.com\/portal\/wp-content\/uploads\/2021\/03\/REFLORESTAMENTO_FLORESTA-VIVA-1-1024x768.jpeg\" alt=\"\" class=\"wp-image-11612\" srcset=\"https:\/\/tvc16.com\/portal\/wp-content\/uploads\/2021\/03\/REFLORESTAMENTO_FLORESTA-VIVA-1-1024x768.jpeg 1024w, https:\/\/tvc16.com\/portal\/wp-content\/uploads\/2021\/03\/REFLORESTAMENTO_FLORESTA-VIVA-1-300x225.jpeg 300w, https:\/\/tvc16.com\/portal\/wp-content\/uploads\/2021\/03\/REFLORESTAMENTO_FLORESTA-VIVA-1-768x576.jpeg 768w, https:\/\/tvc16.com\/portal\/wp-content\/uploads\/2021\/03\/REFLORESTAMENTO_FLORESTA-VIVA-1-200x150.jpeg 200w, https:\/\/tvc16.com\/portal\/wp-content\/uploads\/2021\/03\/REFLORESTAMENTO_FLORESTA-VIVA-1.jpeg 1280w\" sizes=\"auto, (max-width: 1024px) 100vw, 1024px\" \/><\/figure>\n\n\n\n<p><br>A iniciativa surgiu ap\u00f3s uma grande incid\u00eancia de queimadas na regi\u00e3o ao longo do ano passado.&nbsp;Segundo dados do Corpo de Bombeiros, em setembro de 2020, foram mais de 1.165 hectares de mata atingidos por chamas nas \u00e1reas da Rebio Araras, Morro do Cobi\u00e7ado, Taquaril, Parque Nacional da Serra dos \u00d3rg\u00e3os, Morro Florido e Alcobacinha. S\u00f3 na Reserva Biol\u00f3gica de Araras, a regi\u00e3o que foi queimada equivale a mais de 670 campos de futebol.&nbsp;<br>\u201cO reflorestamento tem como objetivo revitalizar e reparar um determinado local, que, anteriormente, se encontrava em uma situa\u00e7\u00e3o ambiental equilibrada. Visa realizar a recomposi\u00e7\u00e3o florestal com esp\u00e9cies nativas da regi\u00e3o, objetivando a recupera\u00e7\u00e3o da flora no local, propiciando assim a intera\u00e7\u00e3o entre ambiente nativo e o ambiente urbano, bem como entre a fauna e flora end\u00eamica de forma a restabelecer as rela\u00e7\u00f5es ecol\u00f3gicas existentes antes da degrada\u00e7\u00e3o ocorrida no ambiente. Al\u00e9m disso, o projeto evita o agravamento de processos erosivos do solo, evitando o deslizamento da terra e desmoronamento de taludes que prejudicam os corpos h\u00eddricos da regi\u00e3o\u201d, explica a idealizadora do projeto, Carolina Rodrigues.<br>A a\u00e7\u00e3o ser\u00e1 realizada seguindo os protocolos de seguran\u00e7a estabelecidos para o enfrentamento da COVID-19, com o plantio de \u00e1rvores atrav\u00e9s de volunt\u00e1rios, membros do projeto Araras e equipe da CR Agr\u00edcola Ambiental. O trabalho envolve a educa\u00e7\u00e3o ambiental das pessoas ao entorno da \u00e1rea bem como treinamento t\u00e9cnico para a manuten\u00e7\u00e3o das mudas at\u00e9 o desenvolvimento independente das mesmas.&nbsp;\u201cA recupera\u00e7\u00e3o de \u00e1reas degradadas deve levar em conta os componentes do sistema solo-planta-atmosfera buscando uma recupera\u00e7\u00e3o integrada dos processos qu\u00edmicos e biol\u00f3gicos. Para tanto, o enriquecimento, ou revegeta\u00e7\u00e3o, deve ser objeto da atua\u00e7\u00e3o de equipes especializadas nos diversos segmentos do conhecimento t\u00e9cnico ambiental e agron\u00f4mico, para que sejam detectados e solucionados os problemas. Para que a implanta\u00e7\u00e3o do reflorestamento para recupera\u00e7\u00e3o da mata ciliar seja eficaz, ainda \u00e9 necess\u00e1rio que haja a ampla conscientiza\u00e7\u00e3o de todos os envolvidos, no que diz respeito ao processo de educa\u00e7\u00e3o ambiental\u201d, explica a Engenheira Agr\u00f4noma.<\/p>\n","protected":false},"excerpt":{"rendered":"<p>Nesta segunda-feira (22), data em que se comemora o dia mundial da \u00e1gua, foi realizada<\/p>\n","protected":false},"author":2,"featured_media":11613,"comment_status":"open","ping_status":"open","sticky":false,"template":"","format":"standard","meta":{"footnotes":""},"categories":[12],"tags":[],"class_list":["post-11611","post","type-post","status-publish","format-standard","has-post-thumbnail","hentry","category-cidade"],"_links":{"self":[{"href":"https:\/\/tvc16.com\/portal\/wp-json\/wp\/v2\/posts\/11611","targetHints":{"allow":["GET"]}}],"collection":[{"href":"https:\/\/tvc16.com\/portal\/wp-json\/wp\/v2\/posts"}],"about":[{"href":"https:\/\/tvc16.com\/portal\/wp-json\/wp\/v2\/types\/post"}],"author":[{"embeddable":true,"href":"https:\/\/tvc16.com\/portal\/wp-json\/wp\/v2\/users\/2"}],"replies":[{"embeddable":true,"href":"https:\/\/tvc16.com\/portal\/wp-json\/wp\/v2\/comments?post=11611"}],"version-history":[{"count":2,"href":"https:\/\/tvc16.com\/portal\/wp-json\/wp\/v2\/posts\/11611\/revisions"}],"predecessor-version":[{"id":11615,"href":"https:\/\/tvc16.com\/portal\/wp-json\/wp\/v2\/posts\/11611\/revisions\/11615"}],"wp:featuredmedia":[{"embeddable":true,"href":"https:\/\/tvc16.com\/portal\/wp-json\/wp\/v2\/media\/11613"}],"wp:attachment":[{"href":"https:\/\/tvc16.com\/portal\/wp-json\/wp\/v2\/media?parent=11611"}],"wp:term":[{"taxonomy":"category","embeddable":true,"href":"https:\/\/tvc16.com\/portal\/wp-json\/wp\/v2\/categories?post=11611"},{"taxonomy":"post_tag","embeddable":true,"href":"https:\/\/tvc16.com\/portal\/wp-json\/wp\/v2\/tags?post=11611"}],"curies":[{"name":"wp","href":"https:\/\/api.w.org\/{rel}","templated":true}]}}