{"id":11616,"date":"2021-03-23T00:03:33","date_gmt":"2021-03-23T03:03:33","guid":{"rendered":"https:\/\/tvc16.com\/portal\/?p=11616"},"modified":"2021-03-23T00:03:35","modified_gmt":"2021-03-23T03:03:35","slug":"presidente-da-lpd-se-reune-com-a-ferj-e-ligas-da-regiao-serrana","status":"publish","type":"post","link":"https:\/\/tvc16.com\/portal\/2021\/03\/23\/presidente-da-lpd-se-reune-com-a-ferj-e-ligas-da-regiao-serrana\/","title":{"rendered":"Presidente da LPD se re\u00fane com a FERJ e ligas da Regi\u00e3o Serrana"},"content":{"rendered":"\n<p>O objetivo do encontro foi tra\u00e7ar planos para o per\u00edodo p\u00f3s pandemia&nbsp;<\/p>\n\n\n\n<p>No \u00faltimo s\u00e1bado (20), o presidente da Liga Petropolitana de Desportos (LPD), Jos\u00e9 Lu\u00eds Neto se reuniu com o presidente da Federa\u00e7\u00e3o de Futebol do Estado do Rio de Janeiro (FERJ), Rubens Lopes, e representantes das Ligas esportivas da regi\u00e3o serrana. O objetivo do encontro, que aconteceu na Prefeitura de Guapimirim, foi debater as a\u00e7\u00f5es da federa\u00e7\u00e3o na Serra e tra\u00e7ar planos em conjunto com as ligas, para o per\u00edodo p\u00f3s pandemia. &nbsp;<\/p>\n\n\n\n<p>A FERJ organiza anualmente o Campeonato Estadual de Ligas de futebol de campo, nas categorias Sub-15 e Sub-17. Por conta da pandemia da Covid-19, as competi\u00e7\u00f5es de categoria de base foram suspensas visando evitar a propaga\u00e7\u00e3o do v\u00edrus em aglomera\u00e7\u00f5es e proteger a integridade f\u00edsica de todos os envolvidos.&nbsp;<\/p>\n\n\n\n<p>Al\u00e9m do campeonato nas categorias sub-15 e sub-17, Neto sugeriu a realiza\u00e7\u00e3o da competi\u00e7\u00e3o para o sub-11 e sub-13. A princ\u00edpio, a disputa seria no formato de meeting, com disputas no mesmo dia e em uma \u00fanica cidade, levando em considera\u00e7\u00e3o a permiss\u00e3o das atividades f\u00edsicas para menores de 18 anos pelas autoridades municipais.&nbsp;<\/p>\n\n\n\n<p>Neto comenta que fez outras sugest\u00f5es e a ideia \u00e9 abra\u00e7ar todos: \u201cA ideia inicial \u00e9 realizar os campeonatos como um Torneio In\u00edcio, at\u00e9 mesmo para cortamos custos. Tamb\u00e9m propus o campeonato para a categoria sub-20, e j\u00e1 est\u00e1 em estudo. As sugest\u00f5es foram bem aceitas por todos e j\u00e1 estamos avaliando tamb\u00e9m abranger para o sub-23, adulto e master\u201d.&nbsp;<\/p>\n\n\n\n<p>\u201cOs campeonatos de ligas s\u00e3o uma festa para todos. Gera uma expectativa pela convoca\u00e7\u00e3o da sele\u00e7\u00e3o, nos jogadores, treinadores e fam\u00edlia. Fomos campe\u00f5es em 2017 da Liga Serrana com o sub-17, e chegamos pela primeira vez a fase Estadual. Queremos esse gostinho de novo\u201d, completou Neto.&nbsp;<\/p>\n\n\n\n<p>Estiveram presentes na reuni\u00e3o, al\u00e9m do presidente da LPD, os mandat\u00e1rios das ligas da regi\u00e3o serrana dos munic\u00edpios de Guapimirim, Teres\u00f3polis e S\u00e3o Jos\u00e9 do Vale do Rio Preto. Rubens Lopes e Plinio Jord\u00e3o, presidente e vice da FERJ, tamb\u00e9m participaram do encontro. &nbsp;<\/p>\n\n\n\n<p>\u201cA FERJ est\u00e1 de bra\u00e7os abertos para as ligas esportivas do Estado. Sempre que necess\u00e1rio nos colocamos a disposi\u00e7\u00e3o para ajuda-los no que for preciso. Estamos atentos a todas a\u00e7\u00f5es, inclusive com rela\u00e7\u00e3o aos calend\u00e1rios esportivos para 2021\u201d, disse o presidente da FERJ, Rubens Lopes.&nbsp;<\/p>\n\n\n\n<p>A LPD convocar\u00e1 para a pr\u00f3xima segunda-feira (29) a Assembleia Geral Extraordin\u00e1ria, para apresentar aos clubes o calend\u00e1rio de competi\u00e7\u00f5es para o ano de 2021.&nbsp;<\/p>\n","protected":false},"excerpt":{"rendered":"<p>O objetivo do encontro foi tra\u00e7ar planos para o per\u00edodo p\u00f3s pandemia&nbsp; No \u00faltimo s\u00e1bado<\/p>\n","protected":false},"author":2,"featured_media":11617,"comment_status":"open","ping_status":"open","sticky":false,"template":"","format":"standard","meta":{"footnotes":""},"categories":[12],"tags":[],"class_list":["post-11616","post","type-post","status-publish","format-standard","has-post-thumbnail","hentry","category-cidade"],"_links":{"self":[{"href":"https:\/\/tvc16.com\/portal\/wp-json\/wp\/v2\/posts\/11616","targetHints":{"allow":["GET"]}}],"collection":[{"href":"https:\/\/tvc16.com\/portal\/wp-json\/wp\/v2\/posts"}],"about":[{"href":"https:\/\/tvc16.com\/portal\/wp-json\/wp\/v2\/types\/post"}],"author":[{"embeddable":true,"href":"https:\/\/tvc16.com\/portal\/wp-json\/wp\/v2\/users\/2"}],"replies":[{"embeddable":true,"href":"https:\/\/tvc16.com\/portal\/wp-json\/wp\/v2\/comments?post=11616"}],"version-history":[{"count":1,"href":"https:\/\/tvc16.com\/portal\/wp-json\/wp\/v2\/posts\/11616\/revisions"}],"predecessor-version":[{"id":11618,"href":"https:\/\/tvc16.com\/portal\/wp-json\/wp\/v2\/posts\/11616\/revisions\/11618"}],"wp:featuredmedia":[{"embeddable":true,"href":"https:\/\/tvc16.com\/portal\/wp-json\/wp\/v2\/media\/11617"}],"wp:attachment":[{"href":"https:\/\/tvc16.com\/portal\/wp-json\/wp\/v2\/media?parent=11616"}],"wp:term":[{"taxonomy":"category","embeddable":true,"href":"https:\/\/tvc16.com\/portal\/wp-json\/wp\/v2\/categories?post=11616"},{"taxonomy":"post_tag","embeddable":true,"href":"https:\/\/tvc16.com\/portal\/wp-json\/wp\/v2\/tags?post=11616"}],"curies":[{"name":"wp","href":"https:\/\/api.w.org\/{rel}","templated":true}]}}