{"id":11632,"date":"2021-03-23T10:28:15","date_gmt":"2021-03-23T13:28:15","guid":{"rendered":"https:\/\/tvc16.com\/portal\/?p=11632"},"modified":"2021-03-23T10:28:17","modified_gmt":"2021-03-23T13:28:17","slug":"mulheres-contrataram-mais-e-demitiram-menos-em-fevereiro","status":"publish","type":"post","link":"https:\/\/tvc16.com\/portal\/2021\/03\/23\/mulheres-contrataram-mais-e-demitiram-menos-em-fevereiro\/","title":{"rendered":"Mulheres contrataram mais e demitiram menos em fevereiro"},"content":{"rendered":"\n<h3 class=\"wp-block-heading\">Levantamento foi feito pelo Sebrae<\/h3>\n\n\n\n<h4 class=\"wp-block-heading\">Por Ag\u00eancia Brasil &#8211; Bras\u00edlia<\/h4>\n\n\n\n<p>O m\u00eas&nbsp;de fevereiro&nbsp;foi de mulheres mais resilientes do que homens diante da crise no controle de suas pequenas e microempresas. Um levantamento feito pelo Servi\u00e7o Brasileiro de Apoio \u00e0s Micro e Pequenas Empresas (Sebrae) mostrou que as empres\u00e1rias demitiram menos e contrataram mais nesse m\u00eas. Al\u00e9m disso, recorreram menos a empr\u00e9stimos no setor financeiro.<img decoding=\"async\" src=\"https:\/\/agenciabrasil.ebc.com.br\/ebc.png?id=1404734&amp;o=node\"><img decoding=\"async\" src=\"https:\/\/agenciabrasil.ebc.com.br\/ebc.gif?id=1404734&amp;o=node\"><\/p>\n\n\n\n<p>No m\u00eas passado, 9% das empres\u00e1rias entrevistadas desligaram funcion\u00e1rios; entre os homens, esse n\u00famero subiu para 12%. Quando o assunto \u00e9 contrata\u00e7\u00e3o, 16% das empreendedoras fizeram contrata\u00e7\u00f5es, contra 13% de empreendedores.<\/p>\n\n\n\n<p>Questionados sobre empr\u00e9stimos tomados em fevereiro, 52% dos empreendedores afirmaram a tentativa de obter empr\u00e9stimo. Entre as mulheres, esse percentual foi um pouco menor, 46%. O Sebrae ouviu 6.228 empres\u00e1rios e empres\u00e1rias de todo o pa\u00eds entre&nbsp;25 de fevereiro&nbsp;de 1\u00ba de mar\u00e7o.<\/p>\n\n\n\n<p>A maioria das mulheres consultadas acredita que o governo deveria estender linhas de cr\u00e9dito (38%), al\u00e9m do aux\u00edlio emergencial (31%). J\u00e1 11% delas sugeriram o adiamento dos impostos. Entre os homens, 52% entendem que a extens\u00e3o de linhas de cr\u00e9dito deveria ser a medida tomada pelo governo neste momento do pa\u00eds.<\/p>\n\n\n\n<p>O levantamento tamb\u00e9m mostra que as mulheres usam mais a internet na condu\u00e7\u00e3o dos seus neg\u00f3cios. Setenta e quatro por cento das empres\u00e1rias vendem seus produtos ou servi\u00e7os de forma digital. Entre os homens, esse percentual cai dez pontos.<\/p>\n\n\n\n<p>\u201cPercebemos que os pequenos neg\u00f3cios mantidos por mulheres seguem a tend\u00eancia de vendas online e marketing por meio de m\u00eddias sociais. Esse movimento j\u00e1 vinha sendo notado, mas foi acelerado com a pandemia\u201d, disse o presidente do Sebrae, Carlos Melles.<\/p>\n\n\n\n<p>Edi\u00e7\u00e3o: Gra\u00e7a Adjuto<\/p>\n","protected":false},"excerpt":{"rendered":"<p>Levantamento foi feito pelo Sebrae Por Ag\u00eancia Brasil &#8211; Bras\u00edlia O m\u00eas&nbsp;de fevereiro&nbsp;foi de mulheres<\/p>\n","protected":false},"author":2,"featured_media":11633,"comment_status":"open","ping_status":"open","sticky":false,"template":"","format":"standard","meta":{"footnotes":""},"categories":[17],"tags":[],"class_list":["post-11632","post","type-post","status-publish","format-standard","has-post-thumbnail","hentry","category-outras-noticias"],"_links":{"self":[{"href":"https:\/\/tvc16.com\/portal\/wp-json\/wp\/v2\/posts\/11632","targetHints":{"allow":["GET"]}}],"collection":[{"href":"https:\/\/tvc16.com\/portal\/wp-json\/wp\/v2\/posts"}],"about":[{"href":"https:\/\/tvc16.com\/portal\/wp-json\/wp\/v2\/types\/post"}],"author":[{"embeddable":true,"href":"https:\/\/tvc16.com\/portal\/wp-json\/wp\/v2\/users\/2"}],"replies":[{"embeddable":true,"href":"https:\/\/tvc16.com\/portal\/wp-json\/wp\/v2\/comments?post=11632"}],"version-history":[{"count":1,"href":"https:\/\/tvc16.com\/portal\/wp-json\/wp\/v2\/posts\/11632\/revisions"}],"predecessor-version":[{"id":11634,"href":"https:\/\/tvc16.com\/portal\/wp-json\/wp\/v2\/posts\/11632\/revisions\/11634"}],"wp:featuredmedia":[{"embeddable":true,"href":"https:\/\/tvc16.com\/portal\/wp-json\/wp\/v2\/media\/11633"}],"wp:attachment":[{"href":"https:\/\/tvc16.com\/portal\/wp-json\/wp\/v2\/media?parent=11632"}],"wp:term":[{"taxonomy":"category","embeddable":true,"href":"https:\/\/tvc16.com\/portal\/wp-json\/wp\/v2\/categories?post=11632"},{"taxonomy":"post_tag","embeddable":true,"href":"https:\/\/tvc16.com\/portal\/wp-json\/wp\/v2\/tags?post=11632"}],"curies":[{"name":"wp","href":"https:\/\/api.w.org\/{rel}","templated":true}]}}