{"id":11647,"date":"2021-03-23T10:33:36","date_gmt":"2021-03-23T13:33:36","guid":{"rendered":"https:\/\/tvc16.com\/portal\/?p=11647"},"modified":"2021-03-23T10:33:38","modified_gmt":"2021-03-23T13:33:38","slug":"covid-19-doacoes-de-sangue-caem-20-e-governo-lanca-campanha","status":"publish","type":"post","link":"https:\/\/tvc16.com\/portal\/2021\/03\/23\/covid-19-doacoes-de-sangue-caem-20-e-governo-lanca-campanha\/","title":{"rendered":"Covid-19: doa\u00e7\u00f5es de sangue caem 20% e governo lan\u00e7a campanha"},"content":{"rendered":"\n<h3 class=\"wp-block-heading\">Meta \u00e9 melhorar a informa\u00e7\u00e3o sobre a seguran\u00e7a da doa\u00e7\u00e3o<\/h3>\n\n\n\n<h3 class=\"wp-block-heading\">Por Karine Melo &#8211; Rep\u00f3rter da Ag\u00eancia Brasil &#8211; Bras\u00edlia<\/h3>\n\n\n\n<p>Para incentivar a doa\u00e7\u00e3o volunt\u00e1ria e regular de sangue, o Minist\u00e9rio da Sa\u00fade realiza nesta ter\u00e7a-feira (23) o dia D da campanha \u201cMeu Sangue Brasileiro\u201d. At\u00e9 agora, n\u00e3o houve desabastecimento no pa\u00eds, mas, em 2020, por causa da pandemia de covid-19, houve queda no n\u00famero de doa\u00e7\u00f5es de aproximadamente 20%.&nbsp;<img decoding=\"async\" src=\"https:\/\/agenciabrasil.ebc.com.br\/ebc.png?id=1404743&amp;o=node\"><img decoding=\"async\" src=\"https:\/\/agenciabrasil.ebc.com.br\/ebc.gif?id=1404743&amp;o=node\"><\/p>\n\n\n\n<p>A reposi\u00e7\u00e3o frequente dos estoques de sangue \u00e9 necess\u00e1ria para tratar anemias cr\u00f4nicas, cirurgias de urg\u00eancia, acidentes que causam hemorragias, complica\u00e7\u00f5es da dengue, febre amarela, tratamento de c\u00e2ncer e outras doen\u00e7as graves.<\/p>\n\n\n\n<p>Este ano, o objetivo da campanha \u00e9 melhorar a informa\u00e7\u00e3o sobre a seguran\u00e7a da doa\u00e7\u00e3o de sangue durante a pandemia.<\/p>\n\n\n\n<p>Todas as medidas de seguran\u00e7a em rela\u00e7\u00e3o \u00e0 covid-19 est\u00e3o sendo adotadas pelos hemocentros do pa\u00eds desde o in\u00edcio da pandemia, como condi\u00e7\u00f5es de higiene e antissepsia adequadas na recep\u00e7\u00e3o dos candidatos, coleta do sangue sem exposi\u00e7\u00e3o a aglomera\u00e7\u00f5es por meio de agendamentos e distanciamento entre as cadeiras de coleta. Enquanto d\u00e1 sequ\u00eancia&nbsp; \u00e0 campanha de vacina\u00e7\u00e3o contra a covid-19, o Minist\u00e9rio da Sa\u00fade orienta para que os brasileiros doem sangue no hemocentro mais pr\u00f3ximo antes de serem vacinados contra a doen\u00e7a.&nbsp;<\/p>\n\n\n\n<h2 class=\"wp-block-heading\">Per\u00edodos de restri\u00e7\u00e3o<\/h2>\n\n\n\n<p>&#8220;A popula\u00e7\u00e3o precisa estar ciente sobre os per\u00edodos de restri\u00e7\u00e3o para doa\u00e7\u00e3o de sangue ap\u00f3s receber a vacina. Por isso, enfatizamos a import\u00e2ncia das pessoas fazerem as doa\u00e7\u00f5es antes de receberem a vacina. A doa\u00e7\u00e3o de sangue \u00e9 segura e n\u00e3o contraindica a vacina\u00e7\u00e3o, podendo, inclusive, receber a vacina logo em seguida \u00e0 doa\u00e7\u00e3o&#8221;, garante o coordenador-geral de Sangue e Hemoderivados do Minist\u00e9rio da Sa\u00fade, Rodolfo Firmino.<\/p>\n\n\n\n<p>Segundo dados do minist\u00e9rio, atualmente a taxa de doa\u00e7\u00e3o de sangue volunt\u00e1ria da popula\u00e7\u00e3o brasileira \u00e9 de 1,6%, n\u00famero que est\u00e1 dentro do preconizado pela Organiza\u00e7\u00e3o Mundial da Sa\u00fade (OMS). Em 2019, o governo investiu R$ 1,5 bilh\u00e3o na rede de sangue e hemoderivados no Brasil e R$ 1,6 bilh\u00e3o em 2020. O valor diz respeito \u00e0 aquisi\u00e7\u00e3o de medicamentos e equipamentos, reformas, amplia\u00e7\u00e3o e qualifica\u00e7\u00e3o da rede.<\/p>\n\n\n\n<p>Edi\u00e7\u00e3o: Kleber Sampaio<\/p>\n","protected":false},"excerpt":{"rendered":"<p>Meta \u00e9 melhorar a informa\u00e7\u00e3o sobre a seguran\u00e7a da doa\u00e7\u00e3o Por Karine Melo &#8211; Rep\u00f3rter<\/p>\n","protected":false},"author":2,"featured_media":11648,"comment_status":"open","ping_status":"open","sticky":false,"template":"","format":"standard","meta":{"footnotes":""},"categories":[17],"tags":[],"class_list":["post-11647","post","type-post","status-publish","format-standard","has-post-thumbnail","hentry","category-outras-noticias"],"_links":{"self":[{"href":"https:\/\/tvc16.com\/portal\/wp-json\/wp\/v2\/posts\/11647","targetHints":{"allow":["GET"]}}],"collection":[{"href":"https:\/\/tvc16.com\/portal\/wp-json\/wp\/v2\/posts"}],"about":[{"href":"https:\/\/tvc16.com\/portal\/wp-json\/wp\/v2\/types\/post"}],"author":[{"embeddable":true,"href":"https:\/\/tvc16.com\/portal\/wp-json\/wp\/v2\/users\/2"}],"replies":[{"embeddable":true,"href":"https:\/\/tvc16.com\/portal\/wp-json\/wp\/v2\/comments?post=11647"}],"version-history":[{"count":1,"href":"https:\/\/tvc16.com\/portal\/wp-json\/wp\/v2\/posts\/11647\/revisions"}],"predecessor-version":[{"id":11649,"href":"https:\/\/tvc16.com\/portal\/wp-json\/wp\/v2\/posts\/11647\/revisions\/11649"}],"wp:featuredmedia":[{"embeddable":true,"href":"https:\/\/tvc16.com\/portal\/wp-json\/wp\/v2\/media\/11648"}],"wp:attachment":[{"href":"https:\/\/tvc16.com\/portal\/wp-json\/wp\/v2\/media?parent=11647"}],"wp:term":[{"taxonomy":"category","embeddable":true,"href":"https:\/\/tvc16.com\/portal\/wp-json\/wp\/v2\/categories?post=11647"},{"taxonomy":"post_tag","embeddable":true,"href":"https:\/\/tvc16.com\/portal\/wp-json\/wp\/v2\/tags?post=11647"}],"curies":[{"name":"wp","href":"https:\/\/api.w.org\/{rel}","templated":true}]}}