{"id":11650,"date":"2021-03-23T10:34:33","date_gmt":"2021-03-23T13:34:33","guid":{"rendered":"https:\/\/tvc16.com\/portal\/?p=11650"},"modified":"2021-03-23T10:34:36","modified_gmt":"2021-03-23T13:34:36","slug":"uruguai-confirma-deteccao-de-variantes-brasileiras-do-novo-coronavirus","status":"publish","type":"post","link":"https:\/\/tvc16.com\/portal\/2021\/03\/23\/uruguai-confirma-deteccao-de-variantes-brasileiras-do-novo-coronavirus\/","title":{"rendered":"Uruguai confirma detec\u00e7\u00e3o de variantes brasileiras do novo coronav\u00edrus"},"content":{"rendered":"\n<h3 class=\"wp-block-heading\">Pa\u00eds tem aumento do n\u00famero de cont\u00e1gios e mortes<\/h3>\n\n\n\n<h3 class=\"wp-block-heading\">Por Fabi\u00e1n Werner &#8211; Rep\u00f3rter da Reuters &#8211; Montevid\u00e9u<\/h3>\n\n\n\n<p>O ministro da Sa\u00fade do Uruguai, Daniel Salinas, confirmou nessa segunda-feira (22) a presen\u00e7a das variantes brasileiras P1 e P2 do novo coronav\u00edrus,&nbsp;no momento em que ocorre um aumento de cont\u00e1gio e das mortes no pa\u00eds.<img decoding=\"async\" src=\"https:\/\/agenciabrasil.ebc.com.br\/ebc.png?id=1404746&amp;o=node\"><img decoding=\"async\" src=\"https:\/\/agenciabrasil.ebc.com.br\/ebc.gif?id=1404746&amp;o=node\"><\/p>\n\n\n\n<p>Segundo membros do Grupo de Trabalho Interinstitucional (GTI) na Vigil\u00e2ncia da SARS-CoV-2, foram analisadas 175 amostras recolhidas em pontos distintos do Uruguai e concluiu-se que a cepa P1 estava presente em 24 delas, e em 4 foi detectada a variante P2. Ambas s\u00e3o origin\u00e1rias do Brasil.<\/p>\n\n\n\n<p>&#8220;A variante P1 entrou no pa\u00eds&#8221;, disse Salinas, que comentou que isso pode &#8220;modificar os rumos ou iniciar novos caminhos na preven\u00e7\u00e3o desse flagelo&#8221;.&nbsp;<\/p>\n\n\n\n<p>O presidente uruguaio, Luis Lacalle Pou, convocou o conselho de ministros para uma reuni\u00e3o nesta&nbsp;ter\u00e7a-feira diante das novidades.&nbsp;<\/p>\n\n\n\n<p>&#8220;Existe uma circula\u00e7\u00e3o comunit\u00e1ria da variante P1&#8221;, disse Gregorio Iraola, cientista do GTI, ressaltando que a situa\u00e7\u00e3o \u00e9 &#8220;mais complicada&#8221;.&nbsp;<\/p>\n\n\n\n<p>Nas \u00faltimas semanas o pa\u00eds sul-americano teve um crescimento acelerado no n\u00famero de casos positivos, mortes e ocupa\u00e7\u00e3o de leitos de tratamento intensivo, o que come\u00e7ou a comprometer sua capacidade sanit\u00e1ria.&nbsp;<\/p>\n\n\n\n<p>Segundo relat\u00f3rio da Sociedade Uruguaia de Medicina Intensiva, o n\u00edvel de ocupa\u00e7\u00e3o das UTIs no pa\u00eds chega a 64%, com 22% correspondendo aos pacientes com covid-19.&nbsp;<\/p>\n","protected":false},"excerpt":{"rendered":"<p>Pa\u00eds tem aumento do n\u00famero de cont\u00e1gios e mortes Por Fabi\u00e1n Werner &#8211; Rep\u00f3rter da<\/p>\n","protected":false},"author":2,"featured_media":11651,"comment_status":"open","ping_status":"open","sticky":false,"template":"","format":"standard","meta":{"footnotes":""},"categories":[17],"tags":[],"class_list":["post-11650","post","type-post","status-publish","format-standard","has-post-thumbnail","hentry","category-outras-noticias"],"_links":{"self":[{"href":"https:\/\/tvc16.com\/portal\/wp-json\/wp\/v2\/posts\/11650","targetHints":{"allow":["GET"]}}],"collection":[{"href":"https:\/\/tvc16.com\/portal\/wp-json\/wp\/v2\/posts"}],"about":[{"href":"https:\/\/tvc16.com\/portal\/wp-json\/wp\/v2\/types\/post"}],"author":[{"embeddable":true,"href":"https:\/\/tvc16.com\/portal\/wp-json\/wp\/v2\/users\/2"}],"replies":[{"embeddable":true,"href":"https:\/\/tvc16.com\/portal\/wp-json\/wp\/v2\/comments?post=11650"}],"version-history":[{"count":1,"href":"https:\/\/tvc16.com\/portal\/wp-json\/wp\/v2\/posts\/11650\/revisions"}],"predecessor-version":[{"id":11652,"href":"https:\/\/tvc16.com\/portal\/wp-json\/wp\/v2\/posts\/11650\/revisions\/11652"}],"wp:featuredmedia":[{"embeddable":true,"href":"https:\/\/tvc16.com\/portal\/wp-json\/wp\/v2\/media\/11651"}],"wp:attachment":[{"href":"https:\/\/tvc16.com\/portal\/wp-json\/wp\/v2\/media?parent=11650"}],"wp:term":[{"taxonomy":"category","embeddable":true,"href":"https:\/\/tvc16.com\/portal\/wp-json\/wp\/v2\/categories?post=11650"},{"taxonomy":"post_tag","embeddable":true,"href":"https:\/\/tvc16.com\/portal\/wp-json\/wp\/v2\/tags?post=11650"}],"curies":[{"name":"wp","href":"https:\/\/api.w.org\/{rel}","templated":true}]}}