{"id":11653,"date":"2021-03-23T10:35:32","date_gmt":"2021-03-23T13:35:32","guid":{"rendered":"https:\/\/tvc16.com\/portal\/?p=11653"},"modified":"2021-03-23T10:35:35","modified_gmt":"2021-03-23T13:35:35","slug":"covid-19-media-de-mortes-cresce-ha-um-mes-diz-fiocruz","status":"publish","type":"post","link":"https:\/\/tvc16.com\/portal\/2021\/03\/23\/covid-19-media-de-mortes-cresce-ha-um-mes-diz-fiocruz\/","title":{"rendered":"Covid-19: m\u00e9dia de mortes cresce h\u00e1 um m\u00eas, diz Fiocruz"},"content":{"rendered":"\n<h3 class=\"wp-block-heading\">N\u00famero de \u00f3bitos \u00e9 119% superior ao observado em 22 de fevereiro<\/h3>\n\n\n\n<h4 class=\"wp-block-heading\">Por Vitor Abdala &#8211; Rep\u00f3rter da Ag\u00eancia Brasil &#8211; Rio de Janeiro<\/h4>\n\n\n\n<p>O pa\u00eds atingiu ontem (22) o n\u00famero de 2.305 mortes di\u00e1rias, segundo m\u00e9dia m\u00f3vel de sete dias calculada pela Funda\u00e7\u00e3o Oswaldo Cruz (Fiocruz). A m\u00e9dia vem apresentando altas di\u00e1rias consecutivas desde 22 de fevereiro, portanto h\u00e1 um m\u00eas.<img decoding=\"async\" src=\"https:\/\/agenciabrasil.ebc.com.br\/ebc.png?id=1404740&amp;o=node\"><img decoding=\"async\" src=\"https:\/\/agenciabrasil.ebc.com.br\/ebc.gif?id=1404740&amp;o=node\"><\/p>\n\n\n\n<p>O n\u00famero de \u00f3bitos registrados ontem \u00e9 119% superior ao observado em 22 de fevereiro (1.052 mortes). Na compara\u00e7\u00e3o com 14 dias atr\u00e1s (8 de mar\u00e7o), quando a m\u00e9dia chegou a 1.525, a alta \u00e9 de 51%.<\/p>\n\n\n\n<p>Ainda segundo os dados da Fiocruz, os casos chegaram a 75.416, segundo a m\u00e9dia m\u00f3vel de sete dias, o quinto dia consecutivo de recorde. O n\u00famero \u00e9 61% superior ao de um m\u00eas antes (46.921) e 14% acima do observado 14 dias antes (66.380).<\/p>\n\n\n\n<p>A m\u00e9dia de m\u00f3vel de sete dias, divulgada pela Fiocruz, \u00e9 calculada somando-se os registros do dia com os seis dias anteriores e dividindo o resultado dessa soma por sete. O n\u00famero \u00e9 diferente daquele divulgado pelo Minist\u00e9rio da Sa\u00fade, que mostra apenas as ocorr\u00eancias de um dia espec\u00edfico.<\/p>\n\n\n\n<p>Edi\u00e7\u00e3o: Val\u00e9ria Aguiar<\/p>\n","protected":false},"excerpt":{"rendered":"<p>N\u00famero de \u00f3bitos \u00e9 119% superior ao observado em 22 de fevereiro Por Vitor Abdala<\/p>\n","protected":false},"author":2,"featured_media":11654,"comment_status":"open","ping_status":"open","sticky":false,"template":"","format":"standard","meta":{"footnotes":""},"categories":[17],"tags":[],"class_list":["post-11653","post","type-post","status-publish","format-standard","has-post-thumbnail","hentry","category-outras-noticias"],"_links":{"self":[{"href":"https:\/\/tvc16.com\/portal\/wp-json\/wp\/v2\/posts\/11653","targetHints":{"allow":["GET"]}}],"collection":[{"href":"https:\/\/tvc16.com\/portal\/wp-json\/wp\/v2\/posts"}],"about":[{"href":"https:\/\/tvc16.com\/portal\/wp-json\/wp\/v2\/types\/post"}],"author":[{"embeddable":true,"href":"https:\/\/tvc16.com\/portal\/wp-json\/wp\/v2\/users\/2"}],"replies":[{"embeddable":true,"href":"https:\/\/tvc16.com\/portal\/wp-json\/wp\/v2\/comments?post=11653"}],"version-history":[{"count":1,"href":"https:\/\/tvc16.com\/portal\/wp-json\/wp\/v2\/posts\/11653\/revisions"}],"predecessor-version":[{"id":11655,"href":"https:\/\/tvc16.com\/portal\/wp-json\/wp\/v2\/posts\/11653\/revisions\/11655"}],"wp:featuredmedia":[{"embeddable":true,"href":"https:\/\/tvc16.com\/portal\/wp-json\/wp\/v2\/media\/11654"}],"wp:attachment":[{"href":"https:\/\/tvc16.com\/portal\/wp-json\/wp\/v2\/media?parent=11653"}],"wp:term":[{"taxonomy":"category","embeddable":true,"href":"https:\/\/tvc16.com\/portal\/wp-json\/wp\/v2\/categories?post=11653"},{"taxonomy":"post_tag","embeddable":true,"href":"https:\/\/tvc16.com\/portal\/wp-json\/wp\/v2\/tags?post=11653"}],"curies":[{"name":"wp","href":"https:\/\/api.w.org\/{rel}","templated":true}]}}