{"id":1166,"date":"2020-09-24T17:17:37","date_gmt":"2020-09-24T17:17:37","guid":{"rendered":"https:\/\/tvc16.com\/portal\/?p=1166"},"modified":"2020-09-24T17:17:37","modified_gmt":"2020-09-24T17:17:37","slug":"projecao-de-crescimento-do-credito-em-2020-sobe-para-115","status":"publish","type":"post","link":"https:\/\/tvc16.com\/portal\/2020\/09\/24\/projecao-de-crescimento-do-credito-em-2020-sobe-para-115\/","title":{"rendered":"Proje\u00e7\u00e3o de crescimento do cr\u00e9dito em 2020 sobe para 11,5%"},"content":{"rendered":"\n<p>Aumento decorre da demanda acentuada para empresas<\/p>\n\n\n\n<p>O Banco Central (BC) aumentou a proje\u00e7\u00e3o para a expans\u00e3o do cr\u00e9dito este ano de 7,6% para 11,5%. A estimativa consta do Relat\u00f3rio de Infla\u00e7\u00e3o, divulgado hoje (24), em Bras\u00edlia.<img decoding=\"async\" src=\"https:\/\/agenciabrasil.ebc.com.br\/ebc.png?id=1388838&amp;o=node\"><img decoding=\"async\" src=\"https:\/\/agenciabrasil.ebc.com.br\/ebc.gif?id=1388838&amp;o=node\"><\/p>\n\n\n\n<p>\u201cO aumento decorre, principalmente, da demanda acentuada de cr\u00e9dito das empresas, que vem sendo atendida tanto pela expans\u00e3o do cr\u00e9dito livre como pelo cr\u00e9dito direcionado, no \u00faltimo caso voltado principalmente para as empresas de menor porte\u201d, disse o BC.<\/p>\n\n\n\n<p>As modalidades de empr\u00e9stimos s\u00e3o divididas em dois tipos: o cr\u00e9dito livre e o direcionado. No caso do cr\u00e9dito livre, os bancos t\u00eam autonomia para emprestar o dinheiro captado no mercado e definir as taxas de juros cobradas dos clientes. J\u00e1 o cr\u00e9dito direcionado tem regras definidas pelo governo, destinados, basicamente, aos setores habitacional, rural, de infraestrutura e ao microcr\u00e9dito.<\/p>\n\n\n\n<h2 class=\"wp-block-heading\">Empresas<\/h2>\n\n\n\n<p>A proje\u00e7\u00e3o para o crescimento do cr\u00e9dito livre para as empresas passou de 15,6%, previstos em junho, para os atuais 20%. \u201cNo segmento de recursos livres para pessoas jur\u00eddicas, o ajuste na proje\u00e7\u00e3o para 2020 se fundamenta pelas condi\u00e7\u00f5es mais acess\u00edveis de financiamento, com destaque para a taxa de juros na m\u00ednima hist\u00f3rica, e pela melhora nas expectativas de recupera\u00e7\u00e3o da atividade econ\u00f4mica\u201d, afirma o BC.<\/p>\n\n\n\n<p>No caso dos empr\u00e9stimos com recursos direcionados para as pessoas jur\u00eddicas, a proje\u00e7\u00e3o de crescimento subiu ainda mais: de 1% para 11%. Segundo o banco, a nova estimativa reflete o efeito dos programas emergenciais de cr\u00e9dito para as empresas.<\/p>\n\n\n\n<h2 class=\"wp-block-heading\">Pessoas f\u00edsicas<\/h2>\n\n\n\n<p>Para o Banco Central, os empr\u00e9stimos a pessoas f\u00edsicas livres devem apresentar desacelera\u00e7\u00e3o em 2020, influenciada, entre outros fatores, pela modalidade cart\u00e3o de cr\u00e9dito \u00e0 vista, \u201cfortemente afetada pela queda nos gastos dos consumidores de alta renda\u201d.<\/p>\n\n\n\n<p>A proje\u00e7\u00e3o para o ritmo de expans\u00e3o do cr\u00e9dito livre para as fam\u00edlias em 2020 foi mantida em 6,5%.<\/p>\n\n\n\n<p>O crescimento esperado dos financiamentos \u00e0s fam\u00edlias com recursos direcionados foi revisado de 5% para 9,5%. \u201cAs concess\u00f5es de financiamentos imobili\u00e1rios, principal modalidade do grupo, surpreenderam positivamente, apresentando evolu\u00e7\u00e3o positiva ap\u00f3s abril, impulsionadas pela queda nas taxas de juros. As renegocia\u00e7\u00f5es e as posterga\u00e7\u00f5es nos pagamentos de parcelas tamb\u00e9m contribu\u00edram para o crescimento do saldo de cr\u00e9dito no primeiro semestre\u201d, afirmou o relat\u00f3rio.<\/p>\n\n\n\n<h2 class=\"wp-block-heading\">Cr\u00e9dito em 2021<\/h2>\n\n\n\n<p>A proje\u00e7\u00e3o do BC para o crescimento do cr\u00e9dito em 2021 \u00e9 de 7,3%, \u201cdesempenho liderado pela retomada do cr\u00e9dito \u00e0s pessoas f\u00edsicas (9%), e que incorpora desacelera\u00e7\u00e3o do cr\u00e9dito \u00e0s empresas (5,1%)\u201d.<\/p>\n\n\n\n<p>\u201cPara as fam\u00edlias, levando-se em conta perspectiva de melhora no mercado de trabalho, espera-se crescimento de 10% do saldo de cr\u00e9dito com recursos livres, enquanto as opera\u00e7\u00f5es com recursos direcionados devem registrar crescimento de 7,7%, influenciadas pela redu\u00e7\u00e3o das renegocia\u00e7\u00f5es e posterga\u00e7\u00f5es de parcelas no segmento imobili\u00e1rio\u201d, destacou o BC.<\/p>\n\n\n\n<p>Acrescentou que o desempenho do cr\u00e9dito \u00e0s pessoas jur\u00eddicas com recursos livres \u201cdeve apresentar forte desacelera\u00e7\u00e3o em 2021 (8%), motivada pela normaliza\u00e7\u00e3o da atividade econ\u00f4mica e pela necessidade de desalavancagem [redu\u00e7\u00e3o do endividamento] das empresas\u201d.<\/p>\n\n\n\n<p>Segundo o Banco Central, a retomada de emiss\u00f5es de d\u00edvidas corporativas fora do Sistema Financeiro Nacional \u201cdeve propiciar fonte alternativa de financiamento para as grandes empresas, favorecendo o movimento de desacelera\u00e7\u00e3o do cr\u00e9dito banc\u00e1rio\u201d.<\/p>\n\n\n\n<p>O saldo de cr\u00e9dito para empresas com recursos direcionados \u201cdeve registrar desacelera\u00e7\u00e3o e manter-se est\u00e1vel em 2021, o que sinaliza retorno ao perfil de expans\u00e3o do cr\u00e9dito anterior \u00e0 pandemia, mais concentrado nas opera\u00e7\u00f5es com recursos livres\u201d.&nbsp;<\/p>\n\n\n\n<p>\u201cImportante observar que ambas as desacelera\u00e7\u00f5es devem ser avaliadas considerando forte efeito da base de compara\u00e7\u00e3o, de modo que a expans\u00e3o do cr\u00e9dito seguir\u00e1 sendo relevante na fase de recupera\u00e7\u00e3o da economia\u201d, disse o BC.<\/p>\n\n\n\n<h2 class=\"wp-block-heading\">Contas externas<\/h2>\n\n\n\n<p>No relat\u00f3rio, o Banco Central tamb\u00e9m traz proje\u00e7\u00e3o para transa\u00e7\u00f5es correntes, que s\u00e3o as compras e vendas de mercadorias e servi\u00e7os e transfer\u00eancias de renda do Brasil com outros pa\u00edses. A proje\u00e7\u00e3o de d\u00e9ficit em transa\u00e7\u00f5es correntes foi reduzida de US$ 13,9 bilh\u00f5es para US$ 10,2 bilh\u00f5es (0,7% do Produto Interno Bruto \u2013 PIB) ao final deste ano. \u201cO principal fator para a revis\u00e3o \u00e9 a melhora nos valores esperados para as exporta\u00e7\u00f5es, que apresentaram nos \u00faltimos meses resultado acima do anteriormente projetado\u201d, especificou o relat\u00f3rio.<\/p>\n\n\n\n<p>A proje\u00e7\u00e3o para os investimentos diretos no pa\u00eds (IDP) passou de US$ 55 bilh\u00f5es para US$ 50 bilh\u00f5es. A previs\u00e3o de sa\u00edda de investimentos estrangeiros em fundos de investimento e a\u00e7\u00f5es negociadas em bolsas brasileiras e no exterior passou de US$ 16 bilh\u00f5es para US$ 16,5 bilh\u00f5es. E a estimativa de sa\u00edda de investimentos em t\u00edtulos no pa\u00eds foi alterada de US$ 13 bilh\u00f5es para US$ 16,5 bilh\u00f5es.<\/p>\n\n\n\n<h2 class=\"wp-block-heading\">Proje\u00e7\u00f5es para 2021<\/h2>\n\n\n\n<p>Para 2021, o d\u00e9ficit em transa\u00e7\u00f5es correntes deve chegar a US$ 16,7 bilh\u00f5es (1,1% do PIB). \u201cEssa proje\u00e7\u00e3o reflete aumento das despesas l\u00edquidas em servi\u00e7os e renda prim\u00e1ria [lucros e dividendos, pagamentos de juros e sal\u00e1rios], parcialmente compensado por melhora no saldo comercial\u201d, diz o BC.<\/p>\n\n\n\n<p>O BC espera recupera\u00e7\u00e3o nas entradas l\u00edquidas de IDP, em linha com crescimento do PIB no ano, atingindo US$ 65,2 bilh\u00f5es (4,3% PIB).<\/p>\n\n\n\n<p>Por Kelly &#8211; Bras\u00edlia<\/p>\n\n\n\n<p>Edi\u00e7\u00e3o: Kleber Sampaio<\/p>\n","protected":false},"excerpt":{"rendered":"<p>Aumento decorre da demanda acentuada para empresas O Banco Central (BC) aumentou a proje\u00e7\u00e3o para<\/p>\n","protected":false},"author":2,"featured_media":1167,"comment_status":"open","ping_status":"open","sticky":false,"template":"","format":"standard","meta":{"footnotes":""},"categories":[18],"tags":[],"class_list":["post-1166","post","type-post","status-publish","format-standard","has-post-thumbnail","hentry","category-economia"],"_links":{"self":[{"href":"https:\/\/tvc16.com\/portal\/wp-json\/wp\/v2\/posts\/1166","targetHints":{"allow":["GET"]}}],"collection":[{"href":"https:\/\/tvc16.com\/portal\/wp-json\/wp\/v2\/posts"}],"about":[{"href":"https:\/\/tvc16.com\/portal\/wp-json\/wp\/v2\/types\/post"}],"author":[{"embeddable":true,"href":"https:\/\/tvc16.com\/portal\/wp-json\/wp\/v2\/users\/2"}],"replies":[{"embeddable":true,"href":"https:\/\/tvc16.com\/portal\/wp-json\/wp\/v2\/comments?post=1166"}],"version-history":[{"count":1,"href":"https:\/\/tvc16.com\/portal\/wp-json\/wp\/v2\/posts\/1166\/revisions"}],"predecessor-version":[{"id":1168,"href":"https:\/\/tvc16.com\/portal\/wp-json\/wp\/v2\/posts\/1166\/revisions\/1168"}],"wp:featuredmedia":[{"embeddable":true,"href":"https:\/\/tvc16.com\/portal\/wp-json\/wp\/v2\/media\/1167"}],"wp:attachment":[{"href":"https:\/\/tvc16.com\/portal\/wp-json\/wp\/v2\/media?parent=1166"}],"wp:term":[{"taxonomy":"category","embeddable":true,"href":"https:\/\/tvc16.com\/portal\/wp-json\/wp\/v2\/categories?post=1166"},{"taxonomy":"post_tag","embeddable":true,"href":"https:\/\/tvc16.com\/portal\/wp-json\/wp\/v2\/tags?post=1166"}],"curies":[{"name":"wp","href":"https:\/\/api.w.org\/{rel}","templated":true}]}}