{"id":11662,"date":"2021-03-23T10:43:54","date_gmt":"2021-03-23T13:43:54","guid":{"rendered":"https:\/\/tvc16.com\/portal\/?p=11662"},"modified":"2021-03-23T10:43:56","modified_gmt":"2021-03-23T13:43:56","slug":"confianca-do-consumidor-recua-98-pontos-em-marco-diz-fgv","status":"publish","type":"post","link":"https:\/\/tvc16.com\/portal\/2021\/03\/23\/confianca-do-consumidor-recua-98-pontos-em-marco-diz-fgv\/","title":{"rendered":"Confian\u00e7a do consumidor recua 9,8 pontos em mar\u00e7o, diz FGV"},"content":{"rendered":"\n<h3 class=\"wp-block-heading\">Indicador chegou a 68,2 pontos, em uma escala de zero a 200 pontos<\/h3>\n\n\n\n<h3 class=\"wp-block-heading\">Por Vitor Abdala &#8211; Rep\u00f3rter da Ag\u00eancia Brasil &#8211; Rio de Janeiro<\/h3>\n\n\n\n<p>O \u00cdndice de Confian\u00e7a do Consumidor (ICC), calculado pela Funda\u00e7\u00e3o Getulio Vargas (FGV), caiu 9,8 pontos em mar\u00e7o deste ano. Com o resultado, o indicador chegou a 68,2 pontos, em uma escala de zero a 200 pontos, o menor valor desde maio de 2020 (62,1 pontos).<img decoding=\"async\" src=\"https:\/\/agenciabrasil.ebc.com.br\/ebc.png?id=1404745&amp;o=node\"><img decoding=\"async\" src=\"https:\/\/agenciabrasil.ebc.com.br\/ebc.gif?id=1404745&amp;o=node\"><\/p>\n\n\n\n<p>A queda foi provocada principalmente pela piora do \u00cdndice de Expectativas, que mede a confian\u00e7a dos consumidores no futuro e recuou 12,3 pontos, chegando a 72,5 pontos. A perspectiva para a economia nos pr\u00f3ximos meses foi o que mais contribuiu para esse resultado, ao cair 15 pontos.<\/p>\n\n\n\n<p>O \u00cdndice de Situa\u00e7\u00e3o Atual, que mede a confian\u00e7a no presente, caiu 5,5 pontos e atingiu 64 pontos. A satisfa\u00e7\u00e3o sobre as finan\u00e7as pessoais no momento atual caiu 7 pontos.<\/p>\n\n\n\n<p>\u201cA forte queda da confian\u00e7a dos consumidores \u00e9 resultado do recrudescimento da pandemia de covid-19 em todo o pa\u00eds e do colapso do sistema de sa\u00fade em v\u00e1rias cidades. A campanha de imuniza\u00e7\u00e3o do covid-19 no pa\u00eds segue lenta, enquanto o n\u00famero de hospitaliza\u00e7\u00f5es e mortes por dia avan\u00e7a rapidamente, levando estados e munic\u00edpios a adotar medidas de restri\u00e7\u00e3o \u00e0 circula\u00e7\u00e3o de pessoas\u201d, afirma a pesquisadora da FGV Viviane Seda Bittencourt.<\/p>\n\n\n\n<p>Edi\u00e7\u00e3o: Val\u00e9ria Aguiar<\/p>\n","protected":false},"excerpt":{"rendered":"<p>Indicador chegou a 68,2 pontos, em uma escala de zero a 200 pontos Por Vitor<\/p>\n","protected":false},"author":2,"featured_media":11663,"comment_status":"open","ping_status":"open","sticky":false,"template":"","format":"standard","meta":{"footnotes":""},"categories":[17],"tags":[],"class_list":["post-11662","post","type-post","status-publish","format-standard","has-post-thumbnail","hentry","category-outras-noticias"],"_links":{"self":[{"href":"https:\/\/tvc16.com\/portal\/wp-json\/wp\/v2\/posts\/11662","targetHints":{"allow":["GET"]}}],"collection":[{"href":"https:\/\/tvc16.com\/portal\/wp-json\/wp\/v2\/posts"}],"about":[{"href":"https:\/\/tvc16.com\/portal\/wp-json\/wp\/v2\/types\/post"}],"author":[{"embeddable":true,"href":"https:\/\/tvc16.com\/portal\/wp-json\/wp\/v2\/users\/2"}],"replies":[{"embeddable":true,"href":"https:\/\/tvc16.com\/portal\/wp-json\/wp\/v2\/comments?post=11662"}],"version-history":[{"count":1,"href":"https:\/\/tvc16.com\/portal\/wp-json\/wp\/v2\/posts\/11662\/revisions"}],"predecessor-version":[{"id":11664,"href":"https:\/\/tvc16.com\/portal\/wp-json\/wp\/v2\/posts\/11662\/revisions\/11664"}],"wp:featuredmedia":[{"embeddable":true,"href":"https:\/\/tvc16.com\/portal\/wp-json\/wp\/v2\/media\/11663"}],"wp:attachment":[{"href":"https:\/\/tvc16.com\/portal\/wp-json\/wp\/v2\/media?parent=11662"}],"wp:term":[{"taxonomy":"category","embeddable":true,"href":"https:\/\/tvc16.com\/portal\/wp-json\/wp\/v2\/categories?post=11662"},{"taxonomy":"post_tag","embeddable":true,"href":"https:\/\/tvc16.com\/portal\/wp-json\/wp\/v2\/tags?post=11662"}],"curies":[{"name":"wp","href":"https:\/\/api.w.org\/{rel}","templated":true}]}}