{"id":11665,"date":"2021-03-23T14:26:42","date_gmt":"2021-03-23T17:26:42","guid":{"rendered":"https:\/\/tvc16.com\/portal\/?p=11665"},"modified":"2021-03-23T17:21:56","modified_gmt":"2021-03-23T20:21:56","slug":"missa-de-setimo-dia-de-marcos-falconi-sera-realiz","status":"publish","type":"post","link":"https:\/\/tvc16.com\/portal\/2021\/03\/23\/missa-de-setimo-dia-de-marcos-falconi-sera-realiz\/","title":{"rendered":"Missa de s\u00e9timo dia de Marcos Falconi ser\u00e1 realizada hoje (23)"},"content":{"rendered":"\n<p>A missa de s\u00e9timo dia do Marcos Falconi ser\u00e1 nesta ter\u00e7a-feira, (23\/03,) \u00e0s 18h, na Igreja do Sagrado. As pessoas poder\u00e3o comparecer presencialmente, respeitando as regras de seguran\u00e7a contra o novo coronav\u00edrus, ou acompanhar a transmiss\u00e3o que ser\u00e1 feita ao vivo pelo facebook da par\u00f3quia, no endere\u00e7o: https:\/\/www.facebook.com\/paroquiadosagradopetropolis, e pela TV Cidade de Petr\u00f3polis e suas redes sociais. <\/p>\n\n\n\n<p>Falconi, como era chamado, morreu aos 66 anos, na \u00faltima quarta-feira (17) em decorr\u00eancia de complica\u00e7\u00f5es provocadas pela Covid-19. Ele deixou esposa e sete filhos. <\/p>\n","protected":false},"excerpt":{"rendered":"<p>A missa de s\u00e9timo dia do Marcos Falconi ser\u00e1 nesta ter\u00e7a-feira, (23\/03,) \u00e0s 18h, na<\/p>\n","protected":false},"author":2,"featured_media":11666,"comment_status":"open","ping_status":"open","sticky":false,"template":"","format":"standard","meta":{"footnotes":""},"categories":[12],"tags":[],"class_list":["post-11665","post","type-post","status-publish","format-standard","has-post-thumbnail","hentry","category-cidade"],"_links":{"self":[{"href":"https:\/\/tvc16.com\/portal\/wp-json\/wp\/v2\/posts\/11665","targetHints":{"allow":["GET"]}}],"collection":[{"href":"https:\/\/tvc16.com\/portal\/wp-json\/wp\/v2\/posts"}],"about":[{"href":"https:\/\/tvc16.com\/portal\/wp-json\/wp\/v2\/types\/post"}],"author":[{"embeddable":true,"href":"https:\/\/tvc16.com\/portal\/wp-json\/wp\/v2\/users\/2"}],"replies":[{"embeddable":true,"href":"https:\/\/tvc16.com\/portal\/wp-json\/wp\/v2\/comments?post=11665"}],"version-history":[{"count":3,"href":"https:\/\/tvc16.com\/portal\/wp-json\/wp\/v2\/posts\/11665\/revisions"}],"predecessor-version":[{"id":11673,"href":"https:\/\/tvc16.com\/portal\/wp-json\/wp\/v2\/posts\/11665\/revisions\/11673"}],"wp:featuredmedia":[{"embeddable":true,"href":"https:\/\/tvc16.com\/portal\/wp-json\/wp\/v2\/media\/11666"}],"wp:attachment":[{"href":"https:\/\/tvc16.com\/portal\/wp-json\/wp\/v2\/media?parent=11665"}],"wp:term":[{"taxonomy":"category","embeddable":true,"href":"https:\/\/tvc16.com\/portal\/wp-json\/wp\/v2\/categories?post=11665"},{"taxonomy":"post_tag","embeddable":true,"href":"https:\/\/tvc16.com\/portal\/wp-json\/wp\/v2\/tags?post=11665"}],"curies":[{"name":"wp","href":"https:\/\/api.w.org\/{rel}","templated":true}]}}