{"id":11668,"date":"2021-03-23T14:27:42","date_gmt":"2021-03-23T17:27:42","guid":{"rendered":"https:\/\/tvc16.com\/portal\/?p=11668"},"modified":"2021-03-23T14:27:45","modified_gmt":"2021-03-23T17:27:45","slug":"fim-de-semana-recheado-de-acoes-culturais-em-petropolis","status":"publish","type":"post","link":"https:\/\/tvc16.com\/portal\/2021\/03\/23\/fim-de-semana-recheado-de-acoes-culturais-em-petropolis\/","title":{"rendered":"Fim de semana recheado de a\u00e7\u00f5es culturais em Petr\u00f3polis"},"content":{"rendered":"\n<p>Produ\u00e7\u00f5es culturais on-line contemplados pela Lei Aldir Blanc agitam o munic\u00edpio<\/p>\n\n\n\n<p>Para evitar aglomera\u00e7\u00f5es e ainda assim desfrutar de uma extens\u00e3o programa\u00e7\u00e3o cultural, Petr\u00f3polis est\u00e1 vivendo um momento de grande diversidade com os projetos on-line contemplados pela Lei Aldir Blanc e selecionados atrav\u00e9s do edital organizado pelo Instituto Municipal de Cultura e Esportes (IMCE). No total, foram 301 projetos e 24 espa\u00e7os culturais contemplados com os recursos federais &#8211; o munic\u00edpio recebeu R$ 1.936.795,75 para os incisos II e III da Lei Aldir Blanc.<\/p>\n\n\n\n<p>Na sexta-feira (26\/03), \u00e0s 20h, ser\u00e1 a culmin\u00e2ncia do projeto Literatura em Cena, um concurso liter\u00e1rio de contos promovido pelo blog Ao Redor Cultura e Arte, que recebeu inscri\u00e7\u00f5es de autores de Petr\u00f3polis entre os dias 19 de janeiro e 05 de fevereiro de 2021. O concurso premiou dez contos que ser\u00e3o divulgados na p\u00e1gina do concurso. Os textos selecionados j\u00e1 est\u00e3o sendo publicados no Ao Redor e quem quiser conhecer os vencedores \u00e9 s\u00f3 acompanhar as publica\u00e7\u00f5es semanais do blog.<\/p>\n\n\n\n<p>A segunda etapa ser\u00e1 conduzida pelos artistas que integram o projeto, Luiza Pess\u00f4a, Angelo Tribuzy e Marcos Retondar. Os v\u00eddeos produzidos a partir dos textos escolhidos ser\u00e3o disponibilizados entre os dias 22 e 27 de mar\u00e7o. Para ver a lista dos autores selecionados e acompanhar as pr\u00f3ximas not\u00edcias do projeto, visite o blog: www.aoredor.blog.br\/.<\/p>\n\n\n\n<p>\u201cEstamos muito orgulhosos com as produ\u00e7\u00f5es bel\u00edssimas que os segmentos art\u00edsticos est\u00e3o produzindo em raz\u00e3o dos resultados dos editais. Estamos acompanhando uma explos\u00e3o de profissionalismo, talento, criatividade e qualidade\u201d, destacou Catarina Maul, gerente do Centro de Cultura Raul de Leoni.<\/p>\n\n\n\n<p>No s\u00e1bado (27), \u00e0s 19h, projetos teatrais chegar\u00e3o \u00e0s plataformas virtuais, como o caso do espet\u00e1culo A Casa, desenvolvido pelo Arte na Avenida. Para assistir, basta entrar no Youtube da companhia. \u201cTer uma programa\u00e7\u00e3o rica, diversificada, e ver tantos profissionais de qualidade envolvidos e contemplados atrav\u00e9s de um edital democr\u00e1tico \u00e9 de grande import\u00e2ncia para toda a cidade, pois al\u00e9m de gerar renda para os agentes culturais ainda forma plateias, o que \u00e9 um dos mais importantes pap\u00e9is da arte\u201d, disse Leandro Kronemberger, diretor-presidente do IMCE.<\/p>\n\n\n\n<p>Santos Dumont tamb\u00e9m foi lembrado no edital, atrav\u00e9s do trabalho teatral Comunicado Urgente: Santos Dumont e uma casa na Rua do Encanto, proposto por Oscar Saraiva. O projeto ser\u00e1 exibido no s\u00e1bado \u00e0s 19h e para participar pela plataforma Zoom, \u00e9 preciso se inscrever no e-mail: oscarsaraiva16@gmail.com.<\/p>\n\n\n\n<p>Domingo (28) tamb\u00e9m tem programa\u00e7\u00e3o cultural com o espet\u00e1culo teatral de bonecos Maricota Bonecos Animados, do produtor Leo Hang. A apresenta\u00e7\u00e3o ser\u00e1 no Youtube Rocha Hang, \u00e0s 15h. O projeto Meu Lugar conta a hist\u00f3ria de dois sapos, um brasileiro e outro estrangeiro. O sapo brasileiro chamado Givirino, um comedor de mosquito profissional que esta\u0301 de f\u00e9rias e resolve visitar seus familiares. Para saber mais, s\u00f3 assistindo o lan\u00e7amento no Youtube.<\/p>\n\n\n\n<p>\u00c0s 15h50, o espet\u00e1culo teatral Lea &amp; Mar, por Mariana Diniz e NULAI-I, vai ao ar no canal de youtube NULAI-I Produ\u00e7\u00e3o. Atrav\u00e9s dos elementos da performance e do improviso, os pontos tur\u00edsticos da cidade de Petr\u00f3polis se transformam no palco de uma hist\u00f3ria contada atrav\u00e9s dos corpos. Em um contexto de pandemia e isolamento social, onde a rela\u00e7\u00e3o atrav\u00e9s do contato f\u00edsico entrou em quest\u00e3o na vida de toda a nossa gera\u00e7\u00e3o, Lea&amp;Mar busca investigar o contato dos corpos ao longo dos \u00faltimos meses, experimentando e investigando a rela\u00e7\u00e3o com o outro e o ambiente.<\/p>\n\n\n\n<p>\u00c0s 16h, outro texto teatral acontecer\u00e1 no canal de Youtube Hist\u00f3ria para todo canto! A Hist\u00f3ria do Banquete Imperial, baseada nos h\u00e1bitos alimentares da fam\u00edlia Imperial. Mel e Amora conduzem a apresenta\u00e7\u00e3o, mostrando algumas curiosidades presentes no card\u00e1pio imperial. A apresenta\u00e7\u00e3o tamb\u00e9m conta com participa\u00e7\u00e3o de uma culinarista, que apresenta com graciosidade e executa as receitas escolhidas. E entre uma cena e outra temos o querido D. Pedrinho, que vem representando o imp\u00e9rio e todas as crian\u00e7as da nossa cidade. A Hist\u00f3ria do Banquete Imperial mistura m\u00fasica, culin\u00e1ria, hist\u00f3ria, e muita alegria.<\/p>\n\n\n\n<p>\u00c0s 20h, estreia o curta metragem &#8211; ESTRANHO \u2013 da Foco Produ\u00e7\u00f5es, no Youtube do mesmo nome. Igor \u00e9 um jovem criado em uma fam\u00edlia conservadora que est\u00e1 prestes a cursar sua faculdade na Argentina. Um dia antes do seu embarque \u00e9 convidado para uma social na casa de Fernando, amigo de seu primo Hugo. No decorrer da noite ap\u00f3s algumas bebidas uma brincadeira traz \u00e0 tona conflitos e verdades.<\/p>\n\n\n\n<p>&#8220;Ou seja, n\u00e3o \u00e9 preciso sair de casa para se divertir com qualidade neste final de semana&#8221;, completa Berg.<\/p>\n","protected":false},"excerpt":{"rendered":"<p>Produ\u00e7\u00f5es culturais on-line contemplados pela Lei Aldir Blanc agitam o munic\u00edpio Para evitar aglomera\u00e7\u00f5es e<\/p>\n","protected":false},"author":2,"featured_media":11669,"comment_status":"open","ping_status":"open","sticky":false,"template":"","format":"standard","meta":{"footnotes":""},"categories":[12],"tags":[],"class_list":["post-11668","post","type-post","status-publish","format-standard","has-post-thumbnail","hentry","category-cidade"],"_links":{"self":[{"href":"https:\/\/tvc16.com\/portal\/wp-json\/wp\/v2\/posts\/11668","targetHints":{"allow":["GET"]}}],"collection":[{"href":"https:\/\/tvc16.com\/portal\/wp-json\/wp\/v2\/posts"}],"about":[{"href":"https:\/\/tvc16.com\/portal\/wp-json\/wp\/v2\/types\/post"}],"author":[{"embeddable":true,"href":"https:\/\/tvc16.com\/portal\/wp-json\/wp\/v2\/users\/2"}],"replies":[{"embeddable":true,"href":"https:\/\/tvc16.com\/portal\/wp-json\/wp\/v2\/comments?post=11668"}],"version-history":[{"count":1,"href":"https:\/\/tvc16.com\/portal\/wp-json\/wp\/v2\/posts\/11668\/revisions"}],"predecessor-version":[{"id":11670,"href":"https:\/\/tvc16.com\/portal\/wp-json\/wp\/v2\/posts\/11668\/revisions\/11670"}],"wp:featuredmedia":[{"embeddable":true,"href":"https:\/\/tvc16.com\/portal\/wp-json\/wp\/v2\/media\/11669"}],"wp:attachment":[{"href":"https:\/\/tvc16.com\/portal\/wp-json\/wp\/v2\/media?parent=11668"}],"wp:term":[{"taxonomy":"category","embeddable":true,"href":"https:\/\/tvc16.com\/portal\/wp-json\/wp\/v2\/categories?post=11668"},{"taxonomy":"post_tag","embeddable":true,"href":"https:\/\/tvc16.com\/portal\/wp-json\/wp\/v2\/tags?post=11668"}],"curies":[{"name":"wp","href":"https:\/\/api.w.org\/{rel}","templated":true}]}}