{"id":11674,"date":"2021-03-23T22:55:15","date_gmt":"2021-03-24T01:55:15","guid":{"rendered":"https:\/\/tvc16.com\/portal\/?p=11674"},"modified":"2021-03-23T22:55:17","modified_gmt":"2021-03-24T01:55:17","slug":"troca-de-guarda-no-palacio-de-buckingham","status":"publish","type":"post","link":"https:\/\/tvc16.com\/portal\/2021\/03\/23\/troca-de-guarda-no-palacio-de-buckingham\/","title":{"rendered":"TROCA DE GUARDA NO PAL\u00c1CIO DE BUCKINGHAM:"},"content":{"rendered":"\n<p><strong>UMA CERIM\u00d4NIA QUE OCORRE H\u00c1 MAIS DE 520 ANOS<\/strong><\/p>\n\n\n\n<p><\/p>\n\n\n\n<p>Por Sandra Brito &#8211; Writer &amp; Traveller <\/p>\n\n\n\n<p>A troca da Guarda no Pal\u00e1cio de Buckingham \u00e9 a cerim\u00f4nia em que a Guarda da Rainha passa a responsabilidade de proteger o Pal\u00e1cio de Buckingham e o Pal\u00e1cio de St. James para a Nova Guarda.<\/p>\n\n\n\n<p>O evento consiste basicamente em uma marcha de um destacamento da Velha Guarda do Pal\u00e1cio de St. James e da Nova Guarda liderada por uma Banda Regimental do Quartel de Wellington. A cerim\u00f4nia no adro do Pal\u00e1cio de Buckingham come\u00e7a \u00e0s 11h e dura cerca de 45 minutos.<\/p>\n\n\n\n<p>A Guarda da Rainha \u00e9 normalmente fornecida por um dos cinco regimentos de Guardas a P\u00e9 da Divis\u00e3o Dom\u00e9stica, imediatamente reconhec\u00edveis em seus famosos bon\u00e9s de pele de urso e t\u00fanicas vermelhas.<\/p>\n\n\n\n<p>O apoio musical \u00e9 fornecido por uma Banda Regimental ou Corpo de Bateria com flautistas que ocasionalmente participam da cerim\u00f4nia. Assistir \u00e0 troca da guarda \u00e9 gratuito e n\u00e3o \u00e9 necess\u00e1rio ingresso, mas \u00e9 bom estar atento a poss\u00edveis mudan\u00e7as no cronograma \u2013 que podem acontecer sem aviso pr\u00e9vio.<\/p>\n\n\n\n<p><strong>Origens da troca da guarda<\/strong><\/p>\n\n\n\n<figure class=\"wp-block-image size-large\"><img loading=\"lazy\" decoding=\"async\" width=\"831\" height=\"560\" src=\"https:\/\/tvc16.com\/portal\/wp-content\/uploads\/2021\/03\/G2-1.jpg\" alt=\"\" class=\"wp-image-11696\" srcset=\"https:\/\/tvc16.com\/portal\/wp-content\/uploads\/2021\/03\/G2-1.jpg 831w, https:\/\/tvc16.com\/portal\/wp-content\/uploads\/2021\/03\/G2-1-300x202.jpg 300w, https:\/\/tvc16.com\/portal\/wp-content\/uploads\/2021\/03\/G2-1-768x518.jpg 768w\" sizes=\"auto, (max-width: 831px) 100vw, 831px\" \/><\/figure>\n\n\n\n<p><\/p>\n\n\n\n<p>A cerim\u00f4nia de troca da guarda teve in\u00edcio no reinado de Henrique VII (entre 1485-1509) e foi projetada para mostrar disciplina militar. Os chap\u00e9us altos de pele de urso foram introduzidos no s\u00e9culo XVIII para fazer os soldados parecerem mais altos e, portanto, mais assustadores; eles foram adotados, de fato, para uso cerimonial no ano de 1832.<\/p>\n\n\n\n<p>A ideia \u00e9 que soldados de elite protejam o rei ou a rainha do Reino Unido, o que levou a Guarda Real a se tornar uma institui\u00e7\u00e3o permanente que se estende por mais de 520 anos de hist\u00f3ria.<\/p>\n\n\n\n<p>Os Regimentos de Guardas foram formados para fornecer um guarda-costas pessoal para o Soberano com os primeiros Guardas criados em 1656, na \u00e9poca para proteger o Rei Carlos II, que estava exilado. Compostos por oficiais e soldados altamente treinados, eles est\u00e3o entre as unidades mais antigas do Ex\u00e9rcito Brit\u00e2nico e lutaram com distin\u00e7\u00e3o em quase todos os grandes conflitos envolvendo soldados do Reino Unido desde o s\u00e9culo XVII.<\/p>\n\n\n\n<p>A cerim\u00f4nia de Troca da Guarda ocorreu originalmente no Pal\u00e1cio de Whitehall, que foi a resid\u00eancia oficial do Soberano em Londres at\u00e9 1689. Posteriormente, quando a Corte mudou-se para o Pal\u00e1cio de St. James, a cerim\u00f4nia aconteceu l\u00e1.<\/p>\n\n\n\n<p>A Troca da Guarda tal qual conhecemos hoje come\u00e7ou no final de 1800 e envolve soldados da Guarda Real que cumprem todas as fun\u00e7\u00f5es militares. A mistura de m\u00fasica tradicional e popular sempre fez parte da cerim\u00f4nia, mas nem sempre foi apreciada por todos. Dizem que, em 1920, quando a banda tocou uma pe\u00e7a de uma opereta popular na \u00e9poca, George V enviou um lacaio com uma nota para o diretor musical dizendo que ele n\u00e3o sabia qual era a \u00faltima m\u00fasica que tocavam e que aquela pe\u00e7a nunca seria tocada novamente. Por mais que a hist\u00f3ria possa n\u00e3o ser totalmente verdadeira, essa preocupa\u00e7\u00e3o para com os detalhes da cerim\u00f4nia nos levam a perceber qu\u00e3o estimada e importante ela \u00e9 &#8211; e sempre foi &#8211; para o cen\u00e1rio real brit\u00e2nico.<\/p>\n\n\n\n<p>Depois que a Rainha Vit\u00f3ria mudou-se para o Pal\u00e1cio de Buckingham em 1837, a Guarda da Rainha permaneceu no Pal\u00e1cio de St. James, mantendo um destacamento espec\u00edfico guardando o Pal\u00e1cio de Buckingham, como ainda faz hoje.<\/p>\n\n\n\n<p>Hoje, a cerim\u00f4nia principal \u00e9 realizada no Pal\u00e1cio de Buckingham. A for\u00e7a da Guarda \u00e9 governada pela presen\u00e7a da Rainha. Se o Estandarte Real estiver voando acima do Pal\u00e1cio, a Rainha estar\u00e1 em resid\u00eancia e o n\u00famero de sentinelas aumentar\u00e1.<\/p>\n\n\n\n<p><strong>A cerim\u00f4nia de troca da guarda em detalhes<\/strong><\/p>\n\n\n\n<figure class=\"wp-block-image size-large\"><img loading=\"lazy\" decoding=\"async\" width=\"600\" height=\"331\" src=\"https:\/\/tvc16.com\/portal\/wp-content\/uploads\/2021\/03\/G3-1.jpg\" alt=\"\" class=\"wp-image-11693\" srcset=\"https:\/\/tvc16.com\/portal\/wp-content\/uploads\/2021\/03\/G3-1.jpg 600w, https:\/\/tvc16.com\/portal\/wp-content\/uploads\/2021\/03\/G3-1-300x166.jpg 300w\" sizes=\"auto, (max-width: 600px) 100vw, 600px\" \/><\/figure>\n\n\n\n<p>A maioria das pessoas dirige-se ao Pal\u00e1cio de Buckingham para ver a Troca da Guarda, mas a cerim\u00f4nia acontece em tr\u00eas locais &#8211; Pal\u00e1cio de Buckingham, Pal\u00e1cio de St. James e Wellington Barracks.<\/p>\n\n\n\n<p>O destacamento da Velha Guarda no Pal\u00e1cio de St. James se forma no Tribunal do Convento \u00e0s 10h30 para uma inspe\u00e7\u00e3o pelo Capit\u00e3o da Guarda da Rainha. O Pal\u00e1cio de St. James est\u00e1 situado perto do The Mall em Marlborough Road.<\/p>\n\n\n\n<p>Esse contingente desce pelo The Mall em dire\u00e7\u00e3o ao Pal\u00e1cio de Buckingham aproximadamente \u00e0s 10h25, precedido por uma Banda Regimental ou Corpo de Bateria. Os destacamentos do Pal\u00e1cio de Buckingham, da Velha Guarda, j\u00e1 em servi\u00e7o no Pal\u00e1cio, s\u00e3o inspecionados enquanto aguardam a chegada do destacamento do Pal\u00e1cio de St. James.<\/p>\n\n\n\n<p>O destacamento de St. James entra no p\u00e1tio do pal\u00e1cio atrav\u00e9s do South Centre Gate (\u00e0 esquerda do centro voltado para o pal\u00e1cio) e assume a posi\u00e7\u00e3o ao lado do destacamento do Pal\u00e1cio de Buckingham no lado esquerdo do p\u00e1tio.<\/p>\n\n\n\n<p>Agora completa, a Velha Guarda aguarda a chegada da Nova Guarda vinda de Wellington Barracks, que est\u00e1 situada na extremidade do Pal\u00e1cio de Buckingham em Birdcage Walk. A Nova Guarda passa por sua pr\u00f3pria inspe\u00e7\u00e3o na pra\u00e7a do desfile, em Wellington Barracks.<\/p>\n\n\n\n<figure class=\"wp-block-image size-large\"><img loading=\"lazy\" decoding=\"async\" width=\"1024\" height=\"311\" src=\"https:\/\/tvc16.com\/portal\/wp-content\/uploads\/2021\/03\/G1-1-1024x311.jpg\" alt=\"\" class=\"wp-image-11692\" srcset=\"https:\/\/tvc16.com\/portal\/wp-content\/uploads\/2021\/03\/G1-1-1024x311.jpg 1024w, https:\/\/tvc16.com\/portal\/wp-content\/uploads\/2021\/03\/G1-1-300x91.jpg 300w, https:\/\/tvc16.com\/portal\/wp-content\/uploads\/2021\/03\/G1-1-768x233.jpg 768w, https:\/\/tvc16.com\/portal\/wp-content\/uploads\/2021\/03\/G1-1.jpg 1260w\" sizes=\"auto, (max-width: 1024px) 100vw, 1024px\" \/><\/figure>\n\n\n\n<p>Enquanto aguarda a chegada da Regimental da Nova Guarda, a banda, acompanhando-os, forma um c\u00edrculo e toca uma sele\u00e7\u00e3o de m\u00fasicas. Depois de saud\u00e1-los, a Nova Guarda sai do Wellington Barracks precedida por uma Banda Regimental \u00e0s 10h57.<\/p>\n\n\n\n<p>\u00c0s 11h, a Nova Guarda entra no P\u00e1tio, pelo Port\u00e3o Norte (\u00e0 direita do centro voltado para o Pal\u00e1cio), marcham em frente \u00e0 Banda e param de frente para a Velha Guarda. A banda ent\u00e3o executa a Marcha Lenta Regimental da Nova Guarda \u00e0 medida que avan\u00e7a em dire\u00e7\u00e3o \u00e0 Velha Guarda.<\/p>\n\n\n\n<p><\/p>\n\n\n\n<figure class=\"wp-block-image size-large\"><img loading=\"lazy\" decoding=\"async\" width=\"750\" height=\"434\" src=\"https:\/\/tvc16.com\/portal\/wp-content\/uploads\/2021\/03\/G4.jpg\" alt=\"\" class=\"wp-image-11688\" srcset=\"https:\/\/tvc16.com\/portal\/wp-content\/uploads\/2021\/03\/G4.jpg 750w, https:\/\/tvc16.com\/portal\/wp-content\/uploads\/2021\/03\/G4-300x174.jpg 300w\" sizes=\"auto, (max-width: 750px) 100vw, 750px\" \/><figcaption>Grenadier Guards Wellinton Barracks<\/figcaption><\/figure>\n\n\n\n<p><\/p>\n\n\n\n<p>Os antigos e novos guardas &#8216;apresentam armas&#8217; perante os capit\u00e3es da guarda que, cerimoniosamente, entregam as chaves do pal\u00e1cio. Este gesto simb\u00f3lico representa a transfer\u00eancia da responsabilidade pela seguran\u00e7a do Pal\u00e1cio da Antiga para a Nova Guarda que, at\u00e9 ser dispensada, ser\u00e1 a Guarda da Rainha.<\/p>\n\n\n\n<p>Quando a Rainha estiver na resid\u00eancia, os Foot Guards, no \u00e1trio do pal\u00e1cio, aguardar\u00e3o The Queens Life Guard e &#8216;Present Arms&#8217;, (sauda\u00e7\u00e3o com seus rifles), enquanto a cavalaria passa entre o Memorial da Rainha Victoria e o Pal\u00e1cio de Buckingham. Ap\u00f3s essa sauda\u00e7\u00e3o, os oficiais, tanto do antigo quanto do novo destacamento do Pal\u00e1cio de Buckingham, sa\u00fadam o capit\u00e3o s\u00eanior em desfile com suas espadas.<\/p>\n\n\n\n<p><\/p>\n\n\n\n<figure class=\"wp-block-image size-large\"><img loading=\"lazy\" decoding=\"async\" width=\"1024\" height=\"576\" src=\"https:\/\/tvc16.com\/portal\/wp-content\/uploads\/2021\/03\/G5-1024x576.jpg\" alt=\"\" class=\"wp-image-11685\" srcset=\"https:\/\/tvc16.com\/portal\/wp-content\/uploads\/2021\/03\/G5-1024x576.jpg 1024w, https:\/\/tvc16.com\/portal\/wp-content\/uploads\/2021\/03\/G5-300x169.jpg 300w, https:\/\/tvc16.com\/portal\/wp-content\/uploads\/2021\/03\/G5-768x432.jpg 768w, https:\/\/tvc16.com\/portal\/wp-content\/uploads\/2021\/03\/G5.jpg 1110w\" sizes=\"auto, (max-width: 1024px) 100vw, 1024px\" \/><\/figure>\n\n\n\n<p><\/p>\n\n\n\n<p><\/p>\n\n\n\n<p>Retirando-se para a sala da guarda, eles se reportar\u00e3o ao Capit\u00e3o S\u00eanior ap\u00f3s completar os procedimentos de transfer\u00eancia com seus Oficiais. Durante este per\u00edodo, os alferes, carregando suas respectivas cores, patrulham a \u00e1rea do Pal\u00e1cio da esquerda para a direita. Oficiais n\u00e3o diretamente envolvidos na cerim\u00f4nia marcham no mesmo ritmo ao longo do lado oeste dos Guardas.<\/p>\n\n\n\n<p>\u00c0 medida que cada nova sentinela \u00e9 postada, um cabo distribui todas as ordens especiais, previamente coletadas do Pal\u00e1cio pelo Capit\u00e3o da Guarda.<\/p>\n\n\n\n<figure class=\"wp-block-image size-large\"><img loading=\"lazy\" decoding=\"async\" width=\"465\" height=\"308\" src=\"https:\/\/tvc16.com\/portal\/wp-content\/uploads\/2021\/03\/G6.jpg\" alt=\"\" class=\"wp-image-11684\" srcset=\"https:\/\/tvc16.com\/portal\/wp-content\/uploads\/2021\/03\/G6.jpg 465w, https:\/\/tvc16.com\/portal\/wp-content\/uploads\/2021\/03\/G6-300x199.jpg 300w\" sizes=\"auto, (max-width: 465px) 100vw, 465px\" \/><\/figure>\n\n\n\n<p>Durante esses procedimentos, a Banda Regimental, originalmente acompanhando a Nova Guarda, move-se para o centro do adro, forma um semic\u00edrculo e executa um programa de m\u00fasica. Flautistas que ocasionalmente acompanham a Velha Guarda, na marcha do Pal\u00e1cio de St. James, tamb\u00e9m fornecem m\u00fasica neste momento da cerim\u00f4nia.<\/p>\n\n\n\n<p>As sentinelas originais, tendo sido substitu\u00eddas por sentinelas da Nova Guarda, incluindo aquelas ainda em servi\u00e7o no Pal\u00e1cio de St. James, retornam para completar a Velha Guarda. O corneteiro de plant\u00e3o informa ao Diretor de M\u00fasica que a transfer\u00eancia foi conclu\u00edda. A banda ent\u00e3o se reforma em frente aos port\u00f5es centrais.<\/p>\n\n\n\n<p>Aproximadamente \u00e0s 11h35, os Guardas s\u00e3o chamados \u00e0 &#8216;Aten\u00e7\u00e3o&#8217;. A Velha Guarda avan\u00e7a para sua Marcha Lenta Regimental em dire\u00e7\u00e3o \u00e0 Nova Guarda. Girando para a direita, as cores da Velha e da Nova Guarda trocam elogios enquanto a Velha Guarda sai pelo Port\u00e3o Central precedida pela Banda. Tendo deixado o pal\u00e1cio, a Velha Guarda &#8216;entra em a\u00e7\u00e3o r\u00e1pida&#8217; e continua sua marcha de volta para Wellington Barracks.<\/p>\n\n\n\n<p><\/p>\n\n\n\n<figure class=\"wp-block-image size-large\"><img loading=\"lazy\" decoding=\"async\" width=\"640\" height=\"360\" src=\"https:\/\/tvc16.com\/portal\/wp-content\/uploads\/2021\/03\/G7.jpg\" alt=\"\" class=\"wp-image-11681\" srcset=\"https:\/\/tvc16.com\/portal\/wp-content\/uploads\/2021\/03\/G7.jpg 640w, https:\/\/tvc16.com\/portal\/wp-content\/uploads\/2021\/03\/G7-300x169.jpg 300w\" sizes=\"auto, (max-width: 640px) 100vw, 640px\" \/><\/figure>\n\n\n\n<p><\/p>\n\n\n\n<p><\/p>\n\n\n\n<p>A Nova Guarda, permanecendo no Pal\u00e1cio, recebe a ordem de &#8216;Inclinar Armas&#8217; e \u00e9 referida a partir deste ponto como &#8216;A Guarda da Rainha&#8217;. A Guarda da Rainha ent\u00e3o se divide em duas.<\/p>\n\n\n\n<p>\u00a0Os respons\u00e1veis pela guarda do Pal\u00e1cio de St. James, geralmente liderados por uma Banda Regimental ou Corpo de Tambores, marcham pelo Mall para colocar sua Cor Regimental na sala da guarda, localizada no Tribunal do Convento, no Pal\u00e1cio de St. James.<\/p>\n\n\n\n<p>O destacamento da Guarda da Rainha do Pal\u00e1cio de Buckingham ent\u00e3o se retira para a Sala da Guarda do Pal\u00e1cio para assumir suas fun\u00e7\u00f5es.<\/p>\n\n\n\n<p><strong>P\u00f3s-procedimento para os guardas<\/strong><\/p>\n\n\n\n<p><\/p>\n\n\n\n<figure class=\"wp-block-image size-large\"><img loading=\"lazy\" decoding=\"async\" width=\"1024\" height=\"576\" src=\"https:\/\/tvc16.com\/portal\/wp-content\/uploads\/2021\/03\/G8-1024x576.jpg\" alt=\"\" class=\"wp-image-11680\" srcset=\"https:\/\/tvc16.com\/portal\/wp-content\/uploads\/2021\/03\/G8-1024x576.jpg 1024w, https:\/\/tvc16.com\/portal\/wp-content\/uploads\/2021\/03\/G8-300x169.jpg 300w, https:\/\/tvc16.com\/portal\/wp-content\/uploads\/2021\/03\/G8-768x432.jpg 768w, https:\/\/tvc16.com\/portal\/wp-content\/uploads\/2021\/03\/G8-1536x864.jpg 1536w, https:\/\/tvc16.com\/portal\/wp-content\/uploads\/2021\/03\/G8-2048x1152.jpg 2048w\" sizes=\"auto, (max-width: 1024px) 100vw, 1024px\" \/><\/figure>\n\n\n\n<p><\/p>\n\n\n\n<p>Os guardas do Pal\u00e1cio de Buckingham e do Pal\u00e1cio de St James ficam de plant\u00e3o por 24 ou 48 horas. Durante esse per\u00edodo, o Guarda ter\u00e1 2 horas de sentinela e 4 horas de folga.<\/p>\n\n\n\n<p>Uma sentinela ir\u00e1 chamar a aten\u00e7\u00e3o, a cada 10 minutos, inclinar os bra\u00e7os e marchar sobre o seu posto, normalmente cerca de 20 passos no total, tendo repetido isso quatro a cinco vezes o guarda para, ombros os bra\u00e7os e volta a ficar em p\u00e9 \u00e0 vontade.<\/p>\n\n\n\n<p>As sentinelas n\u00e3o podem ficar paradas enquanto est\u00e3o em seus postos, na verdade est\u00e1 nas ordens para as sentinelas que s\u00e3o lidas para elas no in\u00edcio de seu &#8216;turno de servi\u00e7o&#8217;, &#8220;voc\u00ea n\u00e3o pode comer, dormir, fumar, ficar tranquilo, sentar-se ou deitar-se durante o cumprimento do dever&#8221;.<\/p>\n\n\n\n<p><\/p>\n\n\n\n<figure class=\"wp-block-image size-large\"><img loading=\"lazy\" decoding=\"async\" width=\"669\" height=\"446\" src=\"https:\/\/tvc16.com\/portal\/wp-content\/uploads\/2021\/03\/G9.jpg\" alt=\"\" class=\"wp-image-11679\" srcset=\"https:\/\/tvc16.com\/portal\/wp-content\/uploads\/2021\/03\/G9.jpg 669w, https:\/\/tvc16.com\/portal\/wp-content\/uploads\/2021\/03\/G9-300x200.jpg 300w\" sizes=\"auto, (max-width: 669px) 100vw, 669px\" \/><\/figure>\n\n\n\n<p><\/p>\n\n\n\n<p><\/p>\n\n\n\n<p>Os guardas de p\u00e9 s\u00e3o treinados para lidar com amea\u00e7as e inc\u00f4modos do p\u00fablico. A primeira maneira de fazer isso \u00e9 chamar a aten\u00e7\u00e3o, por meio da batida de uma bota de muni\u00e7\u00e3o cravejada em concreto, e isso geralmente \u00e9 acompanhado por um grito como &#8220;afaste-se do guarda&#8221; ou algo semelhante. Se o inc\u00f4modo persistir, o sentinela repete o que foi dito acima e move sua arma para a encosta com um grito semelhante.<\/p>\n\n\n\n<p>O aviso final \u00e9 lan\u00e7ar um desafio oficial para a pessoa. A sentinela inclinar\u00e1 os bra\u00e7os e ent\u00e3o mover\u00e1 a arma para uma posi\u00e7\u00e3o chamada &#8216;bra\u00e7os de bombordo&#8217;, onde a arma aponta para a pessoa. Este \u00e9 considerado o aviso final e o pr\u00f3ximo passo seria o sentinela deter a pessoa ou procurar ajuda.<\/p>\n\n\n\n<p>Se houver amea\u00e7a de armas, a sentinela pode solicitar, ou em alguns casos j\u00e1 ter, permiss\u00e3o para disparar sua arma para deter o agressor. Apesar de todos os protocolos e orienta\u00e7\u00f5es, n\u00e3o houve registro de descarga de armas de sentinelas em fun\u00e7\u00f5es p\u00fablicas.<\/p>\n\n\n\n<p>A troca da guarda acontece diariamente de junho a julho e de agosto a maio \u00e0s segundas, quartas, sextas e domingos. Durante a cerim\u00f4nia, os policiais est\u00e3o sempre presentes para garantir um evento seguro e tranquilo.<\/p>\n\n\n\n<p>Nunca fique no caminho dos Guardas, pois eles n\u00e3o ir\u00e3o parar ou marchar ao redor das pessoas que est\u00e3o impedindo seu progresso. O aviso usual dado a algu\u00e9m que est\u00e1 no caminho \u00e9 &#8220;Abram caminho para a Guarda da Rainha&#8221;.<\/p>\n\n\n\n<p><\/p>\n\n\n\n<figure class=\"wp-block-image size-large\"><img loading=\"lazy\" decoding=\"async\" width=\"960\" height=\"640\" src=\"https:\/\/tvc16.com\/portal\/wp-content\/uploads\/2021\/03\/G10.jpg\" alt=\"\" class=\"wp-image-11676\" srcset=\"https:\/\/tvc16.com\/portal\/wp-content\/uploads\/2021\/03\/G10.jpg 960w, https:\/\/tvc16.com\/portal\/wp-content\/uploads\/2021\/03\/G10-300x200.jpg 300w, https:\/\/tvc16.com\/portal\/wp-content\/uploads\/2021\/03\/G10-768x512.jpg 768w, https:\/\/tvc16.com\/portal\/wp-content\/uploads\/2021\/03\/G10-900x600.jpg 900w\" sizes=\"auto, (max-width: 960px) 100vw, 960px\" \/><\/figure>\n\n\n\n<p><\/p>\n\n\n\n<p><\/p>\n\n\n\n<p><\/p>\n\n\n\n<figure class=\"wp-block-image size-large\"><img loading=\"lazy\" decoding=\"async\" width=\"949\" height=\"1024\" src=\"https:\/\/tvc16.com\/portal\/wp-content\/uploads\/2021\/03\/G14-949x1024.png\" alt=\"\" class=\"wp-image-11675\" srcset=\"https:\/\/tvc16.com\/portal\/wp-content\/uploads\/2021\/03\/G14-949x1024.png 949w, https:\/\/tvc16.com\/portal\/wp-content\/uploads\/2021\/03\/G14-278x300.png 278w, https:\/\/tvc16.com\/portal\/wp-content\/uploads\/2021\/03\/G14-768x829.png 768w, https:\/\/tvc16.com\/portal\/wp-content\/uploads\/2021\/03\/G14.png 1040w\" sizes=\"auto, (max-width: 949px) 100vw, 949px\" \/><\/figure>\n","protected":false},"excerpt":{"rendered":"<p>UMA CERIM\u00d4NIA QUE OCORRE H\u00c1 MAIS DE 520 ANOS Por Sandra Brito &#8211; Writer &amp;<\/p>\n","protected":false},"author":2,"featured_media":11698,"comment_status":"open","ping_status":"open","sticky":false,"template":"","format":"standard","meta":{"footnotes":""},"categories":[16],"tags":[],"class_list":["post-11674","post","type-post","status-publish","format-standard","has-post-thumbnail","hentry","category-colunistas"],"_links":{"self":[{"href":"https:\/\/tvc16.com\/portal\/wp-json\/wp\/v2\/posts\/11674","targetHints":{"allow":["GET"]}}],"collection":[{"href":"https:\/\/tvc16.com\/portal\/wp-json\/wp\/v2\/posts"}],"about":[{"href":"https:\/\/tvc16.com\/portal\/wp-json\/wp\/v2\/types\/post"}],"author":[{"embeddable":true,"href":"https:\/\/tvc16.com\/portal\/wp-json\/wp\/v2\/users\/2"}],"replies":[{"embeddable":true,"href":"https:\/\/tvc16.com\/portal\/wp-json\/wp\/v2\/comments?post=11674"}],"version-history":[{"count":1,"href":"https:\/\/tvc16.com\/portal\/wp-json\/wp\/v2\/posts\/11674\/revisions"}],"predecessor-version":[{"id":11699,"href":"https:\/\/tvc16.com\/portal\/wp-json\/wp\/v2\/posts\/11674\/revisions\/11699"}],"wp:featuredmedia":[{"embeddable":true,"href":"https:\/\/tvc16.com\/portal\/wp-json\/wp\/v2\/media\/11698"}],"wp:attachment":[{"href":"https:\/\/tvc16.com\/portal\/wp-json\/wp\/v2\/media?parent=11674"}],"wp:term":[{"taxonomy":"category","embeddable":true,"href":"https:\/\/tvc16.com\/portal\/wp-json\/wp\/v2\/categories?post=11674"},{"taxonomy":"post_tag","embeddable":true,"href":"https:\/\/tvc16.com\/portal\/wp-json\/wp\/v2\/tags?post=11674"}],"curies":[{"name":"wp","href":"https:\/\/api.w.org\/{rel}","templated":true}]}}