{"id":1169,"date":"2020-09-24T17:18:59","date_gmt":"2020-09-24T17:18:59","guid":{"rendered":"https:\/\/tvc16.com\/portal\/?p=1169"},"modified":"2020-09-24T17:19:26","modified_gmt":"2020-09-24T17:19:26","slug":"governo-destina-r-10-bilhoes-para-micro-e-pequenos-empresarios","status":"publish","type":"post","link":"https:\/\/tvc16.com\/portal\/2020\/09\/24\/governo-destina-r-10-bilhoes-para-micro-e-pequenos-empresarios\/","title":{"rendered":"Governo destina R$ 10 bilh\u00f5es para micro e pequenos empres\u00e1rios"},"content":{"rendered":"\n<p>Medida provis\u00f3ria foi publicada hoje no Di\u00e1rio Oficial da Uni\u00e3o<\/p>\n\n\n\n<p>O governo federal liberou R$ 10 bilh\u00f5es para a concess\u00e3o de empr\u00e9stimos para microempreendedores individuais (MEIs) e empresas de pequeno porte por meio do Programa Emergencial de Acesso a Cr\u00e9dito (Peac-Maquininhas). A&nbsp;<a href=\"https:\/\/pesquisa.in.gov.br\/imprensa\/jsp\/visualiza\/index.jsp?data=24\/09\/2020&amp;jornal=515&amp;pagina=6\" target=\"_blank\" rel=\"noreferrer noopener\">medida provis\u00f3ria<\/a>&nbsp;(MP) que autoriza a abertura do cr\u00e9dito extraordin\u00e1rio foi publicada hoje (24) no&nbsp;<em>Di\u00e1rio Oficial da Uni\u00e3o.<\/em>&nbsp;.<img decoding=\"async\" src=\"https:\/\/agenciabrasil.ebc.com.br\/ebc.png?id=1388821&amp;o=node\"><img decoding=\"async\" src=\"https:\/\/agenciabrasil.ebc.com.br\/ebc.gif?id=1388821&amp;o=node\"><\/p>\n\n\n\n<p>O programa foi&nbsp;<a href=\"https:\/\/agenciabrasil.ebc.com.br\/politica\/noticia\/2020-07\/senado-aprova-acesso-credito-pequenas-e-medias-empresas\" target=\"_blank\" rel=\"noreferrer noopener\">aprovado em julho&nbsp;<\/a>no Congresso e sancionado m\u00eas passado pelo presidente Jair Bolsonaro&nbsp; e tem o&nbsp;<a href=\"https:\/\/agenciabrasil.ebc.com.br\/economia\/noticia\/2020-08\/bolsonaro-fala-em-estender-auxilio-emergencial-ate-o-final-do-ano\" target=\"_blank\" rel=\"noreferrer noopener\">objetivo<\/a>&nbsp;de diminuir os efeitos econ\u00f4micos negativos causados pela pandemia de covid-19.<\/p>\n\n\n\n<p>O Peac-Maquinhas usar\u00e1 como garantia os valores a receber de vendas feitas por meios das m\u00e1quinas de cart\u00f5es. A institui\u00e7\u00e3o financeira vai considerar o valor de vendas que passou pela maquininha um ano antes do per\u00edodo da pandemia, calcular o valor m\u00e9dio e fixar um valor de empr\u00e9stimo para essa empresa, limitado ao teto de R$ 50 mil. Os juros s\u00e3o de at\u00e9 6% ao ano.<\/p>\n\n\n\n<p>De acordo com o texto da MP, os recursos ser\u00e3o liberados a partir da contrata\u00e7\u00e3o de opera\u00e7\u00e3o de cr\u00e9dito interna (contratos ou emiss\u00e3o de t\u00edtulos da d\u00edvida p\u00fablica) e repassados ao Banco Nacional do Desenvolvimento Econ\u00f4mico e Social (BNDES), institui\u00e7\u00e3o respons\u00e1vel por coordenar o programa.<\/p>\n\n\n\n<p>Por Andreia Verd\u00e9lio \u2013 Rep\u00f3rter da Ag\u00eancia Brasil &#8211; Bras\u00edlia<\/p>\n\n\n\n<p>Edi\u00e7\u00e3o: Maria Claudia<\/p>\n","protected":false},"excerpt":{"rendered":"<p>Medida provis\u00f3ria foi publicada hoje no Di\u00e1rio Oficial da Uni\u00e3o O governo federal liberou R$<\/p>\n","protected":false},"author":2,"featured_media":1170,"comment_status":"open","ping_status":"open","sticky":false,"template":"","format":"standard","meta":{"footnotes":""},"categories":[18],"tags":[],"class_list":["post-1169","post","type-post","status-publish","format-standard","has-post-thumbnail","hentry","category-economia"],"_links":{"self":[{"href":"https:\/\/tvc16.com\/portal\/wp-json\/wp\/v2\/posts\/1169","targetHints":{"allow":["GET"]}}],"collection":[{"href":"https:\/\/tvc16.com\/portal\/wp-json\/wp\/v2\/posts"}],"about":[{"href":"https:\/\/tvc16.com\/portal\/wp-json\/wp\/v2\/types\/post"}],"author":[{"embeddable":true,"href":"https:\/\/tvc16.com\/portal\/wp-json\/wp\/v2\/users\/2"}],"replies":[{"embeddable":true,"href":"https:\/\/tvc16.com\/portal\/wp-json\/wp\/v2\/comments?post=1169"}],"version-history":[{"count":1,"href":"https:\/\/tvc16.com\/portal\/wp-json\/wp\/v2\/posts\/1169\/revisions"}],"predecessor-version":[{"id":1171,"href":"https:\/\/tvc16.com\/portal\/wp-json\/wp\/v2\/posts\/1169\/revisions\/1171"}],"wp:featuredmedia":[{"embeddable":true,"href":"https:\/\/tvc16.com\/portal\/wp-json\/wp\/v2\/media\/1170"}],"wp:attachment":[{"href":"https:\/\/tvc16.com\/portal\/wp-json\/wp\/v2\/media?parent=1169"}],"wp:term":[{"taxonomy":"category","embeddable":true,"href":"https:\/\/tvc16.com\/portal\/wp-json\/wp\/v2\/categories?post=1169"},{"taxonomy":"post_tag","embeddable":true,"href":"https:\/\/tvc16.com\/portal\/wp-json\/wp\/v2\/tags?post=1169"}],"curies":[{"name":"wp","href":"https:\/\/api.w.org\/{rel}","templated":true}]}}