{"id":11691,"date":"2021-03-23T22:43:25","date_gmt":"2021-03-24T01:43:25","guid":{"rendered":"https:\/\/tvc16.com\/portal\/?p=11691"},"modified":"2021-03-23T22:43:27","modified_gmt":"2021-03-24T01:43:27","slug":"mais-sete-pessoas-morrem-por-covid-19","status":"publish","type":"post","link":"https:\/\/tvc16.com\/portal\/2021\/03\/23\/mais-sete-pessoas-morrem-por-covid-19\/","title":{"rendered":"Mais sete pessoas morrem por covid-19"},"content":{"rendered":"\n<p>O boletim epidemiol\u00f3gico da Secretaria de Sa\u00fade desta ter\u00e7a-feira (23\/3) mostra que Petr\u00f3polis fez, at\u00e9 agora, 130.508 testes para Covid-19, com 23.589 resultados positivos e 100.434 negativos (levando em considera\u00e7\u00e3o testes r\u00e1pidos e Swab). Mais sete \u00f3bitos foram contabilizados nesta ter\u00e7a-feira (23\/3)<\/p>\n\n\n\n<p>Neste momento, 128 pessoas est\u00e3o internadas em leitos de UTI privados e pelo SUS. Outras 125 est\u00e3o em leitos cl\u00ednicos, considerando leitos privados e SUS, totalizando assim, 253 interna\u00e7\u00f5es em toda a rede da cidade. A ocupa\u00e7\u00e3o de leitos cl\u00ednicos pelo SUS \u00e9 de 86,59% e 87,38% em leitos de UTI.<\/p>\n\n\n\n<p>A Secretaria de Sa\u00fade esclarece que o n\u00famero de \u00f3bitos, hoje em 638, \u00e9 atualizado nos boletins apenas ap\u00f3s o registro do atestado de \u00f3bito e do resultado do exame do paciente no sistema da Vigil\u00e2ncia Epidemiol\u00f3gica, o que \u00e9 feito por equipe administrativa. Trata-se de medida de seguran\u00e7a para evitar erro na informa\u00e7\u00e3o divulgada pela Secretaria de Sa\u00fade.<\/p>\n\n\n\n<p>A Secretaria acrescenta, ainda, que trabalha na atualiza\u00e7\u00e3o de dados de notifica\u00e7\u00f5es e casos em an\u00e1lise no sistema, inserindo ainda dados n\u00e3o lan\u00e7ados no fim do ano passado. \u00c9 poss\u00edvel acompanhar a evolu\u00e7\u00e3o dos casos no portal da transpar\u00eancia do coronav\u00edrus, no site da Prefeitura (www.petropolis.rj.gov.br).<\/p>\n\n\n\n<p>\u00d3bitos registrados:<\/p>\n\n\n\n<p>1 &#8211; Homem, 83 anos, morador de Pedro do Rio. Internado no dia 02\/03\/21 no Hospital Unimed. \u00d3bito registrado no hospital Unimed no dia 19.03.21. Paciente com diabetes.<\/p>\n\n\n\n<p>2 \u2013 Mulher, 97 anos, moradora do Morin. Internada em 08.03.21 no Hospital Unimed. \u00d3bito registrado em 20.03.21 no Hospital Unimed. Paciente com doen\u00e7a neurol\u00f3gica cr\u00f4nica<\/p>\n\n\n\n<p>3 \u2013 Mulher, 79 anos, moradora do Centro. Internada em 15.03.21. \u00d3bito registrado em 20.03.21 no Hospital Unimed. Paciente com hipertens\u00e3o e diabetes.<br>4 \u2013 Mulher, 35 anos, moradora do Quarteir\u00e3o Ingelheim. Internada em 16.03.21 no Hospital Unimed. \u00d3bito registrado em 22.03.21 no Hospital Unimed.<\/p>\n\n\n\n<p>5 \u2013 Homem, 69 anos, morador do Vale das Videiras. Internado no dia 12.03.21 na UPA Cascatinha e transferido para o HMNSE no dia 13.03.21. \u00d3bito registrado no HMNSE no dia 20.03.21. Paciente com esquizofrenia e Alzheimer<\/p>\n\n\n\n<p>6 \u2013 Mulher, 66 anos, moradora do S\u00e3o Sebasti\u00e3o. Internada no dia 03.03.21 no Hospital Unimed. \u00d3bito registrado no dia 20.03.21 no Hospital Unimed. Paciente com diabetes.<\/p>\n\n\n\n<p>7 \u2013 Homem, 70 anos, morador de Correas. Internado em 17.03.21 na UPA Cascatinha e transferido para o HMNSE. \u00d3bito registrado no dia 21.03.21 no HMNSE. Paciente tinha hipertens\u00e3o e diabetes.<\/p>\n","protected":false},"excerpt":{"rendered":"<p>O boletim epidemiol\u00f3gico da Secretaria de Sa\u00fade desta ter\u00e7a-feira (23\/3) mostra que Petr\u00f3polis fez, at\u00e9<\/p>\n","protected":false},"author":2,"featured_media":11694,"comment_status":"open","ping_status":"open","sticky":false,"template":"","format":"standard","meta":{"footnotes":""},"categories":[12],"tags":[],"class_list":["post-11691","post","type-post","status-publish","format-standard","has-post-thumbnail","hentry","category-cidade"],"_links":{"self":[{"href":"https:\/\/tvc16.com\/portal\/wp-json\/wp\/v2\/posts\/11691","targetHints":{"allow":["GET"]}}],"collection":[{"href":"https:\/\/tvc16.com\/portal\/wp-json\/wp\/v2\/posts"}],"about":[{"href":"https:\/\/tvc16.com\/portal\/wp-json\/wp\/v2\/types\/post"}],"author":[{"embeddable":true,"href":"https:\/\/tvc16.com\/portal\/wp-json\/wp\/v2\/users\/2"}],"replies":[{"embeddable":true,"href":"https:\/\/tvc16.com\/portal\/wp-json\/wp\/v2\/comments?post=11691"}],"version-history":[{"count":1,"href":"https:\/\/tvc16.com\/portal\/wp-json\/wp\/v2\/posts\/11691\/revisions"}],"predecessor-version":[{"id":11695,"href":"https:\/\/tvc16.com\/portal\/wp-json\/wp\/v2\/posts\/11691\/revisions\/11695"}],"wp:featuredmedia":[{"embeddable":true,"href":"https:\/\/tvc16.com\/portal\/wp-json\/wp\/v2\/media\/11694"}],"wp:attachment":[{"href":"https:\/\/tvc16.com\/portal\/wp-json\/wp\/v2\/media?parent=11691"}],"wp:term":[{"taxonomy":"category","embeddable":true,"href":"https:\/\/tvc16.com\/portal\/wp-json\/wp\/v2\/categories?post=11691"},{"taxonomy":"post_tag","embeddable":true,"href":"https:\/\/tvc16.com\/portal\/wp-json\/wp\/v2\/tags?post=11691"}],"curies":[{"name":"wp","href":"https:\/\/api.w.org\/{rel}","templated":true}]}}