{"id":11700,"date":"2021-03-24T06:54:11","date_gmt":"2021-03-24T09:54:11","guid":{"rendered":"https:\/\/tvc16.com\/portal\/?p=11700"},"modified":"2021-03-24T06:54:13","modified_gmt":"2021-03-24T09:54:13","slug":"nova-iguacu-comeca-a-entregar-apostilas-para-os-cerca-de-65-mil-alunos-da-rede-municipal","status":"publish","type":"post","link":"https:\/\/tvc16.com\/portal\/2021\/03\/24\/nova-iguacu-comeca-a-entregar-apostilas-para-os-cerca-de-65-mil-alunos-da-rede-municipal\/","title":{"rendered":"Nova Igua\u00e7u come\u00e7a a entregar apostilas para os cerca de 65 mil alunos da rede municipal"},"content":{"rendered":"\n<p>A Secretaria Municipal de Educa\u00e7\u00e3o de Nova Igua\u00e7u (SEMED) come\u00e7ou, nesta ter\u00e7a-feira (23), a entregar apostilas e livros did\u00e1ticos aos cerca de 65 mil alunos de sua rede, que est\u00e3o sem aulas presenciais desde 16 de mar\u00e7o de 2020 por causa da Covid-19. Os estudantes ter\u00e3o apostilas para atividades de l\u00edngua portuguesa e matem\u00e1tica. No ano passado foram entregues de forma virtual.<\/p>\n\n\n\n<p>Os alunos da Educa\u00e7\u00e3o Infantil \u00e0 Educa\u00e7\u00e3o de Jovens e Adultos (EJA) v\u00e3o receber apostilas mensais com atividades e exerc\u00edcios que dever\u00e3o ser resolvidos nas aulas remotas. Al\u00e9m do material impresso, os estudantes poder\u00e3o acessar o conte\u00fado desenvolvido pela SEMED via internet. Eles, que v\u00e3o poder tirar d\u00favidas com os professores por v\u00e1rios meios de comunica\u00e7\u00e3o, como WhatsApp, Facebook, blogs, tamb\u00e9m receber\u00e3o kits com livros do Fundo Nacional de Desenvolvimento da Educa\u00e7\u00e3o (FNDE).<\/p>\n\n\n\n<p>\u201cVamos oferecer todo aux\u00edlio poss\u00edvel aos nossos estudantes. A apostila vai permitir um estudo melhor, mesmo longe da sala de aula por conta da pandemia\u201d, garantiu o prefeito de Nova Igua\u00e7u, Rogerio Lisboa.<\/p>\n\n\n\n<p>O ano letivo no munic\u00edpio teve in\u00edcio em 4 de fevereiro, tamb\u00e9m de forma remota, com o acolhimento de professores, alunos e respons\u00e1veis.<\/p>\n\n\n\n<p><strong>Cart\u00e3o-alimenta\u00e7\u00e3o ser\u00e1 distribu\u00eddo nesta quinta-feira (25) para novos alunos<\/strong><\/p>\n\n\n\n<p>Os respons\u00e1veis pelos novos alunos da rede municipal que confirmaram a matr\u00edcula at\u00e9 28 de fevereiro dever\u00e3o comparecer, das 9h \u00e0s 15h, nesta quinta-feira (25), \u00e0 unidade onde o aluno ir\u00e1 estudar para retirar o cart\u00e3o-alimenta\u00e7\u00e3o j\u00e1 carregado, com R$ 70. A primeira recarga deste ano para os estudantes das 143 escolas da rede municipal que j\u00e1 possu\u00edam o cart\u00e3o foi feita automaticamente nesta segunda-feira (22). Enquanto as aulas presenciais n\u00e3o forem retomadas, os cart\u00f5es ser\u00e3o recarregados. Em 2020, foram oito etapas de aux\u00edlio, sendo seis de cart\u00e3o-alimenta\u00e7\u00e3o e duas de cesta b\u00e1sica.<\/p>\n\n\n\n<p>Quem precisar de um novo cart\u00e3o dever\u00e1 solicitar a segunda via pelo site da empresa (<a rel=\"noreferrer noopener\" target=\"_blank\" href=\"http:\/\/alelo.com.br\">alelo.com.br<\/a>) ou pelo aplicativo Meu Alelo. Os estudantes que efetivaram a matr\u00edcula ap\u00f3s 28 de fevereiro dever\u00e3o aguardar a segunda chamada para buscar o cart\u00e3o. Como eles n\u00e3o faziam parte da rede municipal de Educa\u00e7\u00e3o em fevereiro, seus cart\u00f5es-alimenta\u00e7\u00e3o n\u00e3o receber\u00e3o a recarga referente ao m\u00eas passado, sendo recarregados a partir de mar\u00e7o.<\/p>\n","protected":false},"excerpt":{"rendered":"<p>A Secretaria Municipal de Educa\u00e7\u00e3o de Nova Igua\u00e7u (SEMED) come\u00e7ou, nesta ter\u00e7a-feira (23), a entregar<\/p>\n","protected":false},"author":2,"featured_media":11701,"comment_status":"open","ping_status":"open","sticky":false,"template":"","format":"standard","meta":{"footnotes":""},"categories":[17],"tags":[],"class_list":["post-11700","post","type-post","status-publish","format-standard","has-post-thumbnail","hentry","category-outras-noticias"],"_links":{"self":[{"href":"https:\/\/tvc16.com\/portal\/wp-json\/wp\/v2\/posts\/11700","targetHints":{"allow":["GET"]}}],"collection":[{"href":"https:\/\/tvc16.com\/portal\/wp-json\/wp\/v2\/posts"}],"about":[{"href":"https:\/\/tvc16.com\/portal\/wp-json\/wp\/v2\/types\/post"}],"author":[{"embeddable":true,"href":"https:\/\/tvc16.com\/portal\/wp-json\/wp\/v2\/users\/2"}],"replies":[{"embeddable":true,"href":"https:\/\/tvc16.com\/portal\/wp-json\/wp\/v2\/comments?post=11700"}],"version-history":[{"count":1,"href":"https:\/\/tvc16.com\/portal\/wp-json\/wp\/v2\/posts\/11700\/revisions"}],"predecessor-version":[{"id":11702,"href":"https:\/\/tvc16.com\/portal\/wp-json\/wp\/v2\/posts\/11700\/revisions\/11702"}],"wp:featuredmedia":[{"embeddable":true,"href":"https:\/\/tvc16.com\/portal\/wp-json\/wp\/v2\/media\/11701"}],"wp:attachment":[{"href":"https:\/\/tvc16.com\/portal\/wp-json\/wp\/v2\/media?parent=11700"}],"wp:term":[{"taxonomy":"category","embeddable":true,"href":"https:\/\/tvc16.com\/portal\/wp-json\/wp\/v2\/categories?post=11700"},{"taxonomy":"post_tag","embeddable":true,"href":"https:\/\/tvc16.com\/portal\/wp-json\/wp\/v2\/tags?post=11700"}],"curies":[{"name":"wp","href":"https:\/\/api.w.org\/{rel}","templated":true}]}}