{"id":11704,"date":"2021-03-24T13:13:39","date_gmt":"2021-03-24T16:13:39","guid":{"rendered":"https:\/\/tvc16.com\/portal\/?p=11704"},"modified":"2021-03-25T01:11:51","modified_gmt":"2021-03-25T04:11:51","slug":"camara-municipal-economiza-viabiliza-abertura-de-51-novos-leitos-para-covid-19","status":"publish","type":"post","link":"https:\/\/tvc16.com\/portal\/2021\/03\/24\/camara-municipal-economiza-viabiliza-abertura-de-51-novos-leitos-para-covid-19\/","title":{"rendered":"C\u00e2mara Municipal economiza e viabiliza abertura de 51 novos leitos para covid-19"},"content":{"rendered":"\n<p>A C\u00e2mara Municipal de Petr\u00f3polis aprovou nesta ter\u00e7a-feira (23), em car\u00e1ter emergencial, o Projeto de Lei de autoria do vereador e presidente da Casa, Fred Proc\u00f3pio, o qual declara o Hospital Santa M\u00f4nica como Unidade de Apoio ao Combate ao Covid-19 (Unidade de Sa\u00fade Tempor\u00e1ria). Com isso, Petr\u00f3polis ganhou mais 51 leitos autorizados a funcionar como retaguarda cl\u00ednica para unidades hospitalares permanentes para tratamento do Coronav\u00edrus.<\/p>\n\n\n\n<p>A abertura de novas UTIs foi poss\u00edvel gra\u00e7as \u00e0 economia de recursos feita pela C\u00e2mara Municipal. Esta verba ser\u00e1 destinada ao pagamento de equipes completas e novos m\u00e9dicos. \u201cO momento pand\u00eamico vem exigindo esfor\u00e7os extraordin\u00e1rios do poder p\u00fablico para que sejam mantidas as garantias constitucionais inerentes \u00e0 popula\u00e7\u00e3o, portanto, a Casa Legislativa cortou contratos em geral para conseguir respaldar o Prefeito e ajudar no custeio deste servi\u00e7o. O objetivo \u00e9 salvaguardar vidas, aliviar as unidades e dar atendimento digno aos pacientes diagnosticados com Covid\u201d, explica Fred Proc\u00f3pio.<\/p>\n\n\n\n<p>A medida, que foi votada em primeira e segunda discuss\u00f5es, corrobora com a decis\u00e3o que o prefeito interino Hingo Hammes j\u00e1 havia tomado e transferiu para o Hospital Santa M\u00f4nica nove pacientes que se encontravam internados nas UPAs. Outros seis tamb\u00e9m j\u00e1 est\u00e3o regulados e ser\u00e3o encaminhados \u00e0 nova unidade de apoio at\u00e9 o fim desta quarta-feira (24).<\/p>\n\n\n\n<p>A viabiliza\u00e7\u00e3o da pauta junto ao Estado se deu com apoio do deputado estadual, Serginho Fernandes, e do deputado federal, Vin\u00edcius Farah. J\u00e1 na C\u00e2mara de Petr\u00f3polis, o Projeto de Lei foi votado em sess\u00e3o plen\u00e1ria com unanimidade pelos parlamentares. \u201cHoje, vivemos um cen\u00e1rio preocupante, talvez o pior momento da crise sanit\u00e1ria. Ao ver o poder Executivo apreensivo com os \u00edndices de novos casos da doen\u00e7a alcan\u00e7ando patamares muito elevados, nos posicionamos para ampliar os leitos cl\u00ednicos e n\u00e3o haver um colapso na sa\u00fade da cidade\u201d, finaliza Proc\u00f3pio.<\/p>\n","protected":false},"excerpt":{"rendered":"<p>A C\u00e2mara Municipal de Petr\u00f3polis aprovou nesta ter\u00e7a-feira (23), em car\u00e1ter emergencial, o Projeto de<\/p>\n","protected":false},"author":2,"featured_media":11767,"comment_status":"open","ping_status":"open","sticky":false,"template":"","format":"standard","meta":{"footnotes":""},"categories":[12],"tags":[],"class_list":["post-11704","post","type-post","status-publish","format-standard","has-post-thumbnail","hentry","category-cidade"],"_links":{"self":[{"href":"https:\/\/tvc16.com\/portal\/wp-json\/wp\/v2\/posts\/11704","targetHints":{"allow":["GET"]}}],"collection":[{"href":"https:\/\/tvc16.com\/portal\/wp-json\/wp\/v2\/posts"}],"about":[{"href":"https:\/\/tvc16.com\/portal\/wp-json\/wp\/v2\/types\/post"}],"author":[{"embeddable":true,"href":"https:\/\/tvc16.com\/portal\/wp-json\/wp\/v2\/users\/2"}],"replies":[{"embeddable":true,"href":"https:\/\/tvc16.com\/portal\/wp-json\/wp\/v2\/comments?post=11704"}],"version-history":[{"count":3,"href":"https:\/\/tvc16.com\/portal\/wp-json\/wp\/v2\/posts\/11704\/revisions"}],"predecessor-version":[{"id":11768,"href":"https:\/\/tvc16.com\/portal\/wp-json\/wp\/v2\/posts\/11704\/revisions\/11768"}],"wp:featuredmedia":[{"embeddable":true,"href":"https:\/\/tvc16.com\/portal\/wp-json\/wp\/v2\/media\/11767"}],"wp:attachment":[{"href":"https:\/\/tvc16.com\/portal\/wp-json\/wp\/v2\/media?parent=11704"}],"wp:term":[{"taxonomy":"category","embeddable":true,"href":"https:\/\/tvc16.com\/portal\/wp-json\/wp\/v2\/categories?post=11704"},{"taxonomy":"post_tag","embeddable":true,"href":"https:\/\/tvc16.com\/portal\/wp-json\/wp\/v2\/tags?post=11704"}],"curies":[{"name":"wp","href":"https:\/\/api.w.org\/{rel}","templated":true}]}}