{"id":11707,"date":"2021-03-24T13:16:24","date_gmt":"2021-03-24T16:16:24","guid":{"rendered":"https:\/\/tvc16.com\/portal\/?p=11707"},"modified":"2021-03-24T13:16:27","modified_gmt":"2021-03-24T16:16:27","slug":"projeto-que-preve-vans-escolares-como-transporte-alternativo-e-aprovado-na-camara","status":"publish","type":"post","link":"https:\/\/tvc16.com\/portal\/2021\/03\/24\/projeto-que-preve-vans-escolares-como-transporte-alternativo-e-aprovado-na-camara\/","title":{"rendered":"Projeto que prev\u00ea vans escolares como transporte alternativo \u00e9 aprovado na C\u00e2mara"},"content":{"rendered":"\n<p>As recorrentes aglomera\u00e7\u00f5es nos \u00f4nibus do munic\u00edpio, originadas pela redu\u00e7\u00e3o da frota durante a pandemia, motivou os vereadores Yuri Moura, J\u00fanior Coruja e J\u00fanior Paix\u00e3o, a apresentarem um projeto de lei que permite o transporte alternativo de passageiros por ve\u00edculos escolares, como vans e kombis.<\/p>\n\n\n\n<p>Para que possam operar nessa fun\u00e7\u00e3o, os ve\u00edculos escolares precisam estar regularmente permissionados pela prefeitura e respeitar todas as normas de seguran\u00e7a vigentes no combate ao Covid-19. Os ve\u00edculos tamb\u00e9m devem estar devidamente vistoriados e poder\u00e3o atuar enquanto durar o estado de calamidade p\u00fablica gerado pela pandemia.<\/p>\n\n\n\n<p>\u201cDemos mais um passo importante contra as aglomera\u00e7\u00f5es di\u00e1rias nos \u00f4nibus da cidade, fruto das covardias e crimes contra a sa\u00fade p\u00fablica das grandes empresas. E ainda conseguimos uma solu\u00e7\u00e3o para que os motoristas de vans possam voltar ao trabalho. Agrade\u00e7o aos vereadores Vereador J\u00fanior Coruja e Vereador J\u00fanior Paix\u00e3o pela parceria nesse projeto.\u201d, disse Yuri, que recentemente pediu multas \u00e0s empresas de \u00f4nibus e anunciou ida ao Minist\u00e9rio P\u00fablico por crime contra a sa\u00fade p\u00fablica e pela retomada de 100% da frota.<\/p>\n\n\n\n<p>Quanto \u00e0s tarifas cobradas no transporte alternativo, o projeto prev\u00ea que sejam as mesmas estabelecidas para as empresas de \u00f4nibus, vedado qualquer reajuste sem pr\u00e9via autoriza\u00e7\u00e3o do governo municipal. O mesmo vale para os itiner\u00e1rios.&nbsp;<\/p>\n\n\n\n<p>Outras normas e determina\u00e7\u00f5es dever\u00e3o ocorrer por interm\u00e9dio da CPTrans, que tamb\u00e9m ficar\u00e1 respons\u00e1vel por definir os pontos de embarque e desembarque e indicar quais as linhas carecem mais de transporte alternativo. A mat\u00e9ria agora aguarda san\u00e7\u00e3o do governo municipal. Ainda nesta semana os vereadores autores da lei v\u00e3o conversar com o Executivo:<\/p>\n\n\n\n<p>\u201cSigo confiante e buscando melhores propostas e alternativas para nossa popula\u00e7\u00e3o e o transporte p\u00fablico de qualidade \u00e9 uma das minhas&nbsp; prioridades. Por isso, tenho trabalhado incansavelmente tamb\u00e9m para o retorno de 100% das frotas de \u00f4nibus. Mediante o cen\u00e1rio ca\u00f3tico que estamos vivendo identificamos uma importante alternativa, que s\u00e3o as vans escolares, para enfrentarmos esse momento dif\u00edcil.\u201d afirmou J\u00fanior Coruja, vereador presidente da Comiss\u00e3o de Tr\u00e2nsito e Transporte da C\u00e2mara.<\/p>\n","protected":false},"excerpt":{"rendered":"<p>As recorrentes aglomera\u00e7\u00f5es nos \u00f4nibus do munic\u00edpio, originadas pela redu\u00e7\u00e3o da frota durante a pandemia,<\/p>\n","protected":false},"author":2,"featured_media":11708,"comment_status":"open","ping_status":"open","sticky":false,"template":"","format":"standard","meta":{"footnotes":""},"categories":[12],"tags":[],"class_list":["post-11707","post","type-post","status-publish","format-standard","has-post-thumbnail","hentry","category-cidade"],"_links":{"self":[{"href":"https:\/\/tvc16.com\/portal\/wp-json\/wp\/v2\/posts\/11707","targetHints":{"allow":["GET"]}}],"collection":[{"href":"https:\/\/tvc16.com\/portal\/wp-json\/wp\/v2\/posts"}],"about":[{"href":"https:\/\/tvc16.com\/portal\/wp-json\/wp\/v2\/types\/post"}],"author":[{"embeddable":true,"href":"https:\/\/tvc16.com\/portal\/wp-json\/wp\/v2\/users\/2"}],"replies":[{"embeddable":true,"href":"https:\/\/tvc16.com\/portal\/wp-json\/wp\/v2\/comments?post=11707"}],"version-history":[{"count":1,"href":"https:\/\/tvc16.com\/portal\/wp-json\/wp\/v2\/posts\/11707\/revisions"}],"predecessor-version":[{"id":11709,"href":"https:\/\/tvc16.com\/portal\/wp-json\/wp\/v2\/posts\/11707\/revisions\/11709"}],"wp:featuredmedia":[{"embeddable":true,"href":"https:\/\/tvc16.com\/portal\/wp-json\/wp\/v2\/media\/11708"}],"wp:attachment":[{"href":"https:\/\/tvc16.com\/portal\/wp-json\/wp\/v2\/media?parent=11707"}],"wp:term":[{"taxonomy":"category","embeddable":true,"href":"https:\/\/tvc16.com\/portal\/wp-json\/wp\/v2\/categories?post=11707"},{"taxonomy":"post_tag","embeddable":true,"href":"https:\/\/tvc16.com\/portal\/wp-json\/wp\/v2\/tags?post=11707"}],"curies":[{"name":"wp","href":"https:\/\/api.w.org\/{rel}","templated":true}]}}