{"id":11710,"date":"2021-03-24T13:22:51","date_gmt":"2021-03-24T16:22:51","guid":{"rendered":"https:\/\/tvc16.com\/portal\/?p=11710"},"modified":"2021-03-24T13:22:53","modified_gmt":"2021-03-24T16:22:53","slug":"marco-registra-quase-30-aumento-de-casos-de-covid-19-em-petropolis","status":"publish","type":"post","link":"https:\/\/tvc16.com\/portal\/2021\/03\/24\/marco-registra-quase-30-aumento-de-casos-de-covid-19-em-petropolis\/","title":{"rendered":"Mar\u00e7o registra quase 30% aumento de casos de covid-19 em Petr\u00f3polis"},"content":{"rendered":"\n<p>Per\u00edodo de mar\u00e7o de 2020 a fevereiro de 2021 registrou um crescimento de 26,2% nos \u00f3bitos e 729 mortes a mais em rela\u00e7\u00e3o \u00e0 m\u00e9dia hist\u00f3rica da cidade<\/p>\n\n\n\n<p>Com a crise de sa\u00fade p\u00fablica instalada em raz\u00e3o da COVID-19, rede<br>hospitalar \u00e0 beira do colapso, aumento no n\u00famero de mortes em domic\u00edlios<br>em raz\u00e3o da falta de leitos ou do medo da ida aos hospitais, reflexos no<br>crescimento dos falecimentos por doen\u00e7as respirat\u00f3rias e card\u00edacas<br>aceleradas pelo v\u00edrus, a cidade de Petr\u00f3polis completou o \u201cano da<br>pandemia\u201d com mais de 3,5 mil mortos, n\u00famero recorde desde o in\u00edcio da<br>s\u00e9rie hist\u00f3rica \u201cEstat\u00edsticas do Registro Civil\u201d em 2003.<\/p>\n\n\n\n<p>Os dados do \u201cano da pandemia\u201d constam no Portal da Transpar\u00eancia do<br>Registro Civil (<a href=\"https:\/\/transparencia.registrocivil.org.br\/inicio\" target=\"_blank\" rel=\"noreferrer noopener\">https:\/\/transparencia.registrocivil.org.br\/inicio<\/a>), base<br>de dados abastecida em tempo real pelos atos de nascimentos, casamentos<br>e \u00f3bitos praticados pelos Cart\u00f3rios de Registro Civil do Pa\u00eds,<br>administrada pela Associa\u00e7\u00e3o Nacional dos Registradores de Pessoas<br>Naturais (Arpen-Brasil), cruzados com os dados hist\u00f3ricos do estudo<br>Estat\u00edsticas do Registro Civil, promovido pelo Instituto Brasileiro de<br>Geografia e Estat\u00edstica (IBGE), com base nos dados dos pr\u00f3prios<br>cart\u00f3rios brasileiros.<\/p>\n\n\n\n<p>O n\u00famero de \u00f3bitos registrados em Cart\u00f3rios no \u201cano da pandemia\u201d,<br>considerado o per\u00edodo de mar\u00e7o de 2020 a fevereiro de 2021 totalizou<br>3.504 mortes, um total de 729 falecimentos a mais do que a m\u00e9dia dos<br>mesmos per\u00edodos desde 2003. Em termos percentuais, significa um<br>crescimento de 26,2% de \u00f3bitos em rela\u00e7\u00e3o \u00e0 m\u00e9dia hist\u00f3rica, que sempre<br>esteve na casa de 1,4%, totalizando 24,8 pontos percentuais a mais no<br>per\u00edodo. Na compara\u00e7\u00e3o em rela\u00e7\u00e3o ao exato ano anterior da pandemia,<br>mar\u00e7o de 2019 a fevereiro de 2020, o aumento foi de 15,2% no n\u00famero de<br>falecimentos.<\/p>\n\n\n\n<p>J\u00e1 o Estado do Rio de Janeiro fechou o \u201cano da pandemia\u201d com 177.165<br>mortes, um total de 50.536 falecimentos a mais do que a m\u00e9dia dos mesmos<br>per\u00edodos desde 2003. Em termos percentuais, significa um crescimento de<br>39,3% de \u00f3bitos em rela\u00e7\u00e3o \u00e0 m\u00e9dia hist\u00f3rica, que sempre esteve na casa<br>de 1,6%, totalizando 38,3 pontos percentuais a mais no per\u00edodo. Na<br>compara\u00e7\u00e3o em rela\u00e7\u00e3o ao exato ano anterior da pandemia, mar\u00e7o de 2019 a<br>fevereiro de 2020, o aumento foi de 21,3% no n\u00famero de falecimentos.<\/p>\n\n\n\n<p>O n\u00famero de \u00f3bitos registrados nos meses de 2021 ainda pode vir a<br>aumentar, assim como a varia\u00e7\u00e3o da m\u00e9dia anual e do per\u00edodo, uma vez que<br>os prazos para registros chegam a prever um intervalo de at\u00e9 15 dias<br>entre o falecimento e o lan\u00e7amento do registro no Portal da<br>Transpar\u00eancia. Al\u00e9m disso, alguns estados brasileiros expandiram o prazo<br>legal para comunica\u00e7\u00e3o de registros em raz\u00e3o da situa\u00e7\u00e3o de emerg\u00eancia<br>causada pela COVID-19.<\/p>\n\n\n\n<p>Sobre a Arpen\/RJ<\/p>\n\n\n\n<p>A Associa\u00e7\u00e3o dos Registradores de Pessoas Naturais do Estado do Rio de<br>Janeiro (Arpen\/RJ) representa a classe dos Oficiais de Registro Civil de<br>todo o Estado, que atendem a popula\u00e7\u00e3o em todos os estados brasileiros,<br>realizando os principais atos da vida civil de uma pessoa: o registro de<br>nascimento, o casamento e o \u00f3bito.<\/p>\n","protected":false},"excerpt":{"rendered":"<p>Per\u00edodo de mar\u00e7o de 2020 a fevereiro de 2021 registrou um crescimento de 26,2% nos<\/p>\n","protected":false},"author":2,"featured_media":11711,"comment_status":"open","ping_status":"open","sticky":false,"template":"","format":"standard","meta":{"footnotes":""},"categories":[12],"tags":[],"class_list":["post-11710","post","type-post","status-publish","format-standard","has-post-thumbnail","hentry","category-cidade"],"_links":{"self":[{"href":"https:\/\/tvc16.com\/portal\/wp-json\/wp\/v2\/posts\/11710","targetHints":{"allow":["GET"]}}],"collection":[{"href":"https:\/\/tvc16.com\/portal\/wp-json\/wp\/v2\/posts"}],"about":[{"href":"https:\/\/tvc16.com\/portal\/wp-json\/wp\/v2\/types\/post"}],"author":[{"embeddable":true,"href":"https:\/\/tvc16.com\/portal\/wp-json\/wp\/v2\/users\/2"}],"replies":[{"embeddable":true,"href":"https:\/\/tvc16.com\/portal\/wp-json\/wp\/v2\/comments?post=11710"}],"version-history":[{"count":1,"href":"https:\/\/tvc16.com\/portal\/wp-json\/wp\/v2\/posts\/11710\/revisions"}],"predecessor-version":[{"id":11712,"href":"https:\/\/tvc16.com\/portal\/wp-json\/wp\/v2\/posts\/11710\/revisions\/11712"}],"wp:featuredmedia":[{"embeddable":true,"href":"https:\/\/tvc16.com\/portal\/wp-json\/wp\/v2\/media\/11711"}],"wp:attachment":[{"href":"https:\/\/tvc16.com\/portal\/wp-json\/wp\/v2\/media?parent=11710"}],"wp:term":[{"taxonomy":"category","embeddable":true,"href":"https:\/\/tvc16.com\/portal\/wp-json\/wp\/v2\/categories?post=11710"},{"taxonomy":"post_tag","embeddable":true,"href":"https:\/\/tvc16.com\/portal\/wp-json\/wp\/v2\/tags?post=11710"}],"curies":[{"name":"wp","href":"https:\/\/api.w.org\/{rel}","templated":true}]}}