{"id":11713,"date":"2021-03-24T13:26:27","date_gmt":"2021-03-24T16:26:27","guid":{"rendered":"https:\/\/tvc16.com\/portal\/?p=11713"},"modified":"2021-03-24T13:26:30","modified_gmt":"2021-03-24T16:26:30","slug":"operacao-da-pf-apura-falsificacao-de-alvaras-de-soltura-no-rio","status":"publish","type":"post","link":"https:\/\/tvc16.com\/portal\/2021\/03\/24\/operacao-da-pf-apura-falsificacao-de-alvaras-de-soltura-no-rio\/","title":{"rendered":"Opera\u00e7\u00e3o da PF apura falsifica\u00e7\u00e3o de alvar\u00e1s de soltura no Rio"},"content":{"rendered":"\n<h3 class=\"wp-block-heading\">Opera\u00e7\u00e3o Camale\u00e3o.com cumpre mandados tamb\u00e9m em Belo Horizonte<\/h3>\n\n\n\n<ul class=\"wp-block-list\"><li>Por Vitor Abdala \u2013 Rep\u00f3rter da Ag\u00eancia Brasil &#8211; Rio de Janeiro<\/li><\/ul>\n\n\n\n<p>A Pol\u00edcia Federal (PF) e o Minist\u00e9rio P\u00fablico Federal (MPF) cumprem hoje (24) quatro mandados de pris\u00e3o preventiva e 16 de busca e apreens\u00e3o contra acusados de falsificar documentos para a libera\u00e7\u00e3o indevida de presos no Rio de Janeiro. A opera\u00e7\u00e3o Camale\u00e3o.com est\u00e1 cumprindo mandados nos munic\u00edpios fluminenses de Niter\u00f3i, S\u00e3o Gon\u00e7alo, S\u00e3o Jo\u00e3o de Meriti e Rio de Janeiro, al\u00e9m de Belo Horizonte.<img decoding=\"async\" src=\"https:\/\/agenciabrasil.ebc.com.br\/ebc.png?id=1404845&amp;o=node\"><img decoding=\"async\" src=\"https:\/\/agenciabrasil.ebc.com.br\/ebc.gif?id=1404845&amp;o=node\"><\/p>\n\n\n\n<p>Segundo o Minist\u00e9rio P\u00fablico Federal, o grupo \u00e9 acusado de falsificar documentos p\u00fablicos, como alvar\u00e1s de soltura, certid\u00f5es e decis\u00f5es judiciais. Esses documentos falsificados eram apresentados ao sistema penitenci\u00e1rio fluminense para garantir a libera\u00e7\u00e3o de presos.<\/p>\n\n\n\n<p>Os alvos da a\u00e7\u00e3o de hoje s\u00e3o investigados pelos crimes de organiza\u00e7\u00e3o criminosa, falsifica\u00e7\u00e3o de documento p\u00fablico, uso de documento falso e fuga de pessoa presa. Tamb\u00e9m investiga-se se houve a corrup\u00e7\u00e3o de agentes p\u00fablicos.<\/p>\n\n\n\n<p>Os presos ser\u00e3o conduzidos para a Superintend\u00eancia da Pol\u00edcia Federal no Rio de Janeiro, onde prestar\u00e3o depoimento.<\/p>\n\n\n\n<p>Edi\u00e7\u00e3o: Denise Griesinger<\/p>\n","protected":false},"excerpt":{"rendered":"<p>Opera\u00e7\u00e3o Camale\u00e3o.com cumpre mandados tamb\u00e9m em Belo Horizonte Por Vitor Abdala \u2013 Rep\u00f3rter da Ag\u00eancia<\/p>\n","protected":false},"author":2,"featured_media":11714,"comment_status":"open","ping_status":"open","sticky":false,"template":"","format":"standard","meta":{"footnotes":""},"categories":[17],"tags":[],"class_list":["post-11713","post","type-post","status-publish","format-standard","has-post-thumbnail","hentry","category-outras-noticias"],"_links":{"self":[{"href":"https:\/\/tvc16.com\/portal\/wp-json\/wp\/v2\/posts\/11713","targetHints":{"allow":["GET"]}}],"collection":[{"href":"https:\/\/tvc16.com\/portal\/wp-json\/wp\/v2\/posts"}],"about":[{"href":"https:\/\/tvc16.com\/portal\/wp-json\/wp\/v2\/types\/post"}],"author":[{"embeddable":true,"href":"https:\/\/tvc16.com\/portal\/wp-json\/wp\/v2\/users\/2"}],"replies":[{"embeddable":true,"href":"https:\/\/tvc16.com\/portal\/wp-json\/wp\/v2\/comments?post=11713"}],"version-history":[{"count":1,"href":"https:\/\/tvc16.com\/portal\/wp-json\/wp\/v2\/posts\/11713\/revisions"}],"predecessor-version":[{"id":11715,"href":"https:\/\/tvc16.com\/portal\/wp-json\/wp\/v2\/posts\/11713\/revisions\/11715"}],"wp:featuredmedia":[{"embeddable":true,"href":"https:\/\/tvc16.com\/portal\/wp-json\/wp\/v2\/media\/11714"}],"wp:attachment":[{"href":"https:\/\/tvc16.com\/portal\/wp-json\/wp\/v2\/media?parent=11713"}],"wp:term":[{"taxonomy":"category","embeddable":true,"href":"https:\/\/tvc16.com\/portal\/wp-json\/wp\/v2\/categories?post=11713"},{"taxonomy":"post_tag","embeddable":true,"href":"https:\/\/tvc16.com\/portal\/wp-json\/wp\/v2\/tags?post=11713"}],"curies":[{"name":"wp","href":"https:\/\/api.w.org\/{rel}","templated":true}]}}