{"id":11719,"date":"2021-03-24T13:28:17","date_gmt":"2021-03-24T16:28:17","guid":{"rendered":"https:\/\/tvc16.com\/portal\/?p=11719"},"modified":"2021-03-24T13:28:19","modified_gmt":"2021-03-24T16:28:19","slug":"corcovado-e-parque-lage-no-rio-ficam-fechados-ate-a-pascoa","status":"publish","type":"post","link":"https:\/\/tvc16.com\/portal\/2021\/03\/24\/corcovado-e-parque-lage-no-rio-ficam-fechados-ate-a-pascoa\/","title":{"rendered":"Corcovado e Parque Lage, no Rio, ficam fechados at\u00e9 a P\u00e1scoa"},"content":{"rendered":"\n<h3 class=\"wp-block-heading\">Parque Nacional da Tijuca ajusta visita\u00e7\u00e3o \u00e0 decreto municipal<\/h3>\n\n\n\n<h4 class=\"wp-block-heading\">Por Cristina Indio do Brasil &#8211; Rep\u00f3rter da Ag\u00eancia Brasil &#8211; Rio de Janeiro<\/h4>\n\n\n\n<p>O Corcovado e o Parque Lage, no Parque Nacional da Tijuca, na zona sul do Rio de Janeiro, v\u00e3o ficar fechados \u00e0 visita\u00e7\u00e3o p\u00fablica de sexta-feira (26) a domingo de P\u00e1scoa (4). A administra\u00e7\u00e3o do parque informou que a medida foi para ajustar a visita\u00e7\u00e3o dos locais ao&nbsp;<a href=\"https:\/\/agenciabrasil.ebc.com.br\/saude\/noticia\/2021-03\/covid-19-decreto-detalha-medidas-restritivas-na-cidade-do-rio\" target=\"_blank\" rel=\"noreferrer noopener\">decreto municipal<\/a>&nbsp;de 22 de mar\u00e7o, que estabeleceu medias emergenciais, de car\u00e1ter excepcional e tempor\u00e1rio, para enfrentar a pandemia da covid-19.<img decoding=\"async\" src=\"https:\/\/agenciabrasil.ebc.com.br\/ebc.png?id=1404857&amp;o=node\"><img decoding=\"async\" src=\"https:\/\/agenciabrasil.ebc.com.br\/ebc.gif?id=1404857&amp;o=node\"><\/p>\n\n\n\n<p>Nesse per\u00edodo de dez dias, na \u00e1rea do Corcovado ficam suspensos os servi\u00e7os concessionados de transporte at\u00e9 o Cristo Redentor e toda a visita\u00e7\u00e3o e realiza\u00e7\u00e3o de eventos. No Parque Lage, al\u00e9m da visita\u00e7\u00e3o ao local, fica proibido o acesso \u00e0 trilha Parque Lage-Corcovado, que tem in\u00edcio a partir do Parque Lage.<\/p>\n\n\n\n<p>Tamb\u00e9m n\u00e3o est\u00e1 permitida a entrada no Centro de Visitante Paineiras e no Centro de Visitantes do Setor Floresta. At\u00e9 o domingo de P\u00e1scoa tamb\u00e9m n\u00e3o haver\u00e1 acesso e nem a perman\u00eancia em todos os mirantes localizados dentro do parque, como Dona Marta, Vista Chinesa, Mirante da Cascatinha, Mesa do Imperador, Excelsior, Bela Vista e Paineiras. As cachoeiras, duchas e lagoas do Parque Nacional da Tijuca n\u00e3o podem ser usadas nem para perman\u00eancia e nem para banho.<\/p>\n\n\n\n<p>Apesar das suspens\u00f5es, est\u00e1 permitida a pr\u00e1tica individual de atividades f\u00edsicas em todas as vias e na maioria das trilhas dentro do Parque Nacional da Tijuca, desde que os visitantes n\u00e3o formem grupos. N\u00e3o est\u00e1 liberada a pr\u00e1tica coletiva de exerc\u00edcios f\u00edsicos.&nbsp;<\/p>\n\n\n\n<p>As trilhas da Pedra Bonita e da Pedra da G\u00e1vea estar\u00e3o fechadas.<\/p>\n\n\n\n<p>Entre as vias e trilhas que estar\u00e3o abertas para a pr\u00e1tica individual de atividades f\u00edsicas, est\u00e3o as trilhas dos setores Floresta e Serra da Carioca e as vias como a estrada das Paineiras e estrada do Redentor, no setor Serra da Carioca; a estrada da Cascatinha, a estrada do Bom Retiro e a estrada Major Archer, todas no setor Floresta.&nbsp;<\/p>\n\n\n\n<p>O hor\u00e1rio de funcionamento no per\u00edodo dos dez dias no Setor Serra da Carioca ser\u00e1 das 8h \u00e0s 17h, e no Setor Floresta das 7h \u00e0s 14h, com limite de 1,5 mil pessoas por dia, com acesso e sa\u00edda exclusivamente pelo port\u00e3o da Pra\u00e7a Afonso Viseu, no Alto da Boa Vista.<\/p>\n\n\n\n<h2 class=\"wp-block-heading\">Voos livres<\/h2>\n\n\n\n<p>Os voos livres duplos, tamb\u00e9m chamados de voos de instru\u00e7\u00e3o, ser\u00e3o suspensos, porque s\u00e3o os que podem provocar aglomera\u00e7\u00e3o. J\u00e1 os esportivos, realizados pelos praticantes do esporte, que forem voar individualmente, est\u00e3o liberados.<\/p>\n\n\n\n<p>A circula\u00e7\u00e3o de ve\u00edculos motorizados nas vias da Estrada das Paineiras, do Corcovado e do setor Floresta, que estavam liberadas somente para ve\u00edculos motorizados de idosos e de pessoas com defici\u00eancia (PcD), est\u00e3o fechadas. A exce\u00e7\u00e3o na circula\u00e7\u00e3o dos ve\u00edculos \u00e9 para os esportistas individuais de voo livre, que ter\u00e3o o acesso de carro liberado.<\/p>\n\n\n\n<h2 class=\"wp-block-heading\">Ve\u00edculos p\u00fablicos<\/h2>\n\n\n\n<p>De acordo com a administra\u00e7\u00e3o do Parque Nacional da Tijuca, as exce\u00e7\u00f5es s\u00e3o para os ve\u00edculos oficiais e de \u00f3rg\u00e3os p\u00fablicos, como os de seguran\u00e7a, de limpeza, e ou para presta\u00e7\u00e3o de servi\u00e7os p\u00fablicos, como manuten\u00e7\u00e3o e limpeza das vias, manuten\u00e7\u00e3o da rede el\u00e9trica e execu\u00e7\u00e3o de podas.&nbsp;<\/p>\n\n\n\n<p>O impedimento tamb\u00e9m n\u00e3o alcan\u00e7a os ve\u00edculos usados para a execu\u00e7\u00e3o de manuten\u00e7\u00e3o e reparo das antenas localizadas no Sumar\u00e9.<\/p>\n\n\n\n<p>Edi\u00e7\u00e3o: Fernando Fraga<\/p>\n","protected":false},"excerpt":{"rendered":"<p>Parque Nacional da Tijuca ajusta visita\u00e7\u00e3o \u00e0 decreto municipal Por Cristina Indio do Brasil &#8211;<\/p>\n","protected":false},"author":2,"featured_media":11720,"comment_status":"open","ping_status":"open","sticky":false,"template":"","format":"standard","meta":{"footnotes":""},"categories":[17],"tags":[],"class_list":["post-11719","post","type-post","status-publish","format-standard","has-post-thumbnail","hentry","category-outras-noticias"],"_links":{"self":[{"href":"https:\/\/tvc16.com\/portal\/wp-json\/wp\/v2\/posts\/11719","targetHints":{"allow":["GET"]}}],"collection":[{"href":"https:\/\/tvc16.com\/portal\/wp-json\/wp\/v2\/posts"}],"about":[{"href":"https:\/\/tvc16.com\/portal\/wp-json\/wp\/v2\/types\/post"}],"author":[{"embeddable":true,"href":"https:\/\/tvc16.com\/portal\/wp-json\/wp\/v2\/users\/2"}],"replies":[{"embeddable":true,"href":"https:\/\/tvc16.com\/portal\/wp-json\/wp\/v2\/comments?post=11719"}],"version-history":[{"count":1,"href":"https:\/\/tvc16.com\/portal\/wp-json\/wp\/v2\/posts\/11719\/revisions"}],"predecessor-version":[{"id":11721,"href":"https:\/\/tvc16.com\/portal\/wp-json\/wp\/v2\/posts\/11719\/revisions\/11721"}],"wp:featuredmedia":[{"embeddable":true,"href":"https:\/\/tvc16.com\/portal\/wp-json\/wp\/v2\/media\/11720"}],"wp:attachment":[{"href":"https:\/\/tvc16.com\/portal\/wp-json\/wp\/v2\/media?parent=11719"}],"wp:term":[{"taxonomy":"category","embeddable":true,"href":"https:\/\/tvc16.com\/portal\/wp-json\/wp\/v2\/categories?post=11719"},{"taxonomy":"post_tag","embeddable":true,"href":"https:\/\/tvc16.com\/portal\/wp-json\/wp\/v2\/tags?post=11719"}],"curies":[{"name":"wp","href":"https:\/\/api.w.org\/{rel}","templated":true}]}}