{"id":1172,"date":"2020-09-24T17:41:25","date_gmt":"2020-09-24T17:41:25","guid":{"rendered":"https:\/\/tvc16.com\/portal\/?p=1172"},"modified":"2020-09-24T17:41:25","modified_gmt":"2020-09-24T17:41:25","slug":"mp-que-recriou-ministerio-das-comunicacoes-e-aprovada-pelo-plenario","status":"publish","type":"post","link":"https:\/\/tvc16.com\/portal\/2020\/09\/24\/mp-que-recriou-ministerio-das-comunicacoes-e-aprovada-pelo-plenario\/","title":{"rendered":"MP que recriou Minist\u00e9rio das Comunica\u00e7\u00f5es \u00e9 aprovada pelo Plen\u00e1rio"},"content":{"rendered":"\n<p>O Plen\u00e1rio do Senado confirmou a recria\u00e7\u00e3o do Minist\u00e9rio das Comunica\u00e7\u00f5es aprovando, nesta quarta-feira (23), a <a href=\"https:\/\/www.congressonacional.leg.br\/materias\/medidas-provisorias\/-\/mpv\/142490\">Medida Provis\u00f3ria 980\/2020<\/a>.&nbsp;A proposta havia passado em 21 de setembro pela C\u00e2mara. Os deputados fizeram altera\u00e7\u00f5es, que resultaram num projeto de lei de convers\u00e3o, a ser enviado agora \u00e0 san\u00e7\u00e3o do presidente Jair Bolsonaro.&nbsp;<\/p>\n\n\n\n<p>No Senado, o relator foi Omar Aziz (PSD-AM), que votou favoravelmente \u00e0 iniciativa. A nova pasta foi criada a partir do desmembramento do Minist\u00e9rio da Ci\u00eancia e Tecnologia e ter\u00e1 tr\u00eas secretarias: de Radiodifus\u00e3o, de Telecomunica\u00e7\u00f5es e Especial de Comunica\u00e7\u00e3o Social, que estava subordinada \u00e0 Presid\u00eancia da Rep\u00fablica.<\/p>\n\n\n\n<p>Como uma medida provis\u00f3ria tem for\u00e7a de lei desde sua edi\u00e7\u00e3o, na pr\u00e1tica a pasta j\u00e1 est\u00e1 em funcionamento, tendo o deputado licenciado F\u00e1bio Faria (PSD-RN) como titular.&nbsp;<\/p>\n\n\n\n<h3 class=\"wp-block-heading\"><strong>Cr\u00edticas<\/strong><\/h3>\n\n\n\n<p>Cinco parlamentares registraram votos contr\u00e1rios \u00e0 medida provis\u00f3ria. Entre eles, o senador Reguffe (Podemos-DF), para quem a prioridade do governo n\u00e3o deveria ser aumentar a estrutura ministerial.&nbsp;<\/p>\n\n\n\n<p>\u2014&nbsp;&nbsp;N\u00e3o tenho nada contra o atual&nbsp; ministro pessoalmente, absolutamente nada contra. Agora, acho que essa n\u00e3o \u00e9 a forma correta de se fazer administra\u00e7\u00e3o p\u00fablica, simplesmente procurando atender com cargos um partido aqui, um deputado ali. O nome disso \u00e9 fisiologismo. Acredito que isso n\u00e3o \u00e9 conceitualmente bom para o pa\u00eds&nbsp;\u2014 afirmou.&nbsp;<\/p>\n\n\n\n<p>Tamb\u00e9m para a senadora Leila Barros (PSB-DF), a iniciativa \u00e9 apenas pol\u00edtica e, j\u00e1 que o governo quer recriar minist\u00e9rios, deveria pensar na retomada das pastas de cultura e esporte, que foram rebaixados \u00e0 condi\u00e7\u00e3o de secretarias no in\u00edcio do mandato de Bolsonaro.&nbsp;<\/p>\n\n\n\n<p>\u2014 Tamb\u00e9m registro o meu voto contr\u00e1rio, pela iniciativa que vejo como apenas pol\u00edtica. Se o governo hoje levanta a m\u00e3o para o desmembramento de Ci\u00eancia e Tecnologia, tirando a comunica\u00e7\u00e3o, que repense tamb\u00e9m as pol\u00edticas de inclus\u00e3o, que s\u00e3o importantes, e duas pastas fundamentais no p\u00f3s-pandemia neste pa\u00eds: esporte e cultura.<\/p>\n\n\n\n<p>O senador Major Olimpio (PSL-SP), por sua vez, disse que esse desmembramento de minist\u00e9rios \u00e9 para atender o que h\u00e1 de pior na pol\u00edtica: um toma-l\u00e1-d\u00e1-c\u00e1. Al\u00e9m disso, acrescentou, a prioridade seria a recria\u00e7\u00e3o do Minist\u00e9rio da Seguran\u00e7a P\u00fablica, &#8220;mas, para o presidente Bolsonaro, o tema \u00e9 prioridade s\u00f3 na hora da campanha, na hora de fazer arminha e de enganar o eleitor&#8221;.&nbsp;<\/p>\n\n\n\n<p>\u2014&nbsp;O governo quer fazer uma reforma administrativa para diminuir o tamanho do Estado, entretanto, est\u00e1 separando este peda\u00e7o, recriando estruturas, ficando mais caro, s\u00f3 para atender interesses de interlocu\u00e7\u00e3o pol\u00edtica, interesses pessoais e abrir o espa\u00e7o para alguns canais de televis\u00e3o e r\u00e1dio \u2014 avaliou.&nbsp;<\/p>\n\n\n\n<h3 class=\"wp-block-heading\"><strong>Defesa<\/strong><\/h3>\n\n\n\n<p>Diante das cr\u00edticas, o relator Omar Aziz (PSD-AM) esclareceu que a indica\u00e7\u00e3o do ministro F\u00e1bio Faria, que tamb\u00e9m \u00e9 do PSD, tem rela\u00e7\u00e3o direta com o presidente Jair Bolsonaro, e n\u00e3o se trata de uma troca com o partido.&nbsp;<\/p>\n\n\n\n<p>Aziz disse ainda que tamb\u00e9m \u00e9 a favor da cria\u00e7\u00e3o de um minist\u00e9rio espec\u00edfico para tratar da seguran\u00e7a, bem como da cria\u00e7\u00e3o de uma comiss\u00e3o no Senado para este fim.&nbsp;<\/p>\n\n\n\n<p>\u2014&nbsp;O ministro F\u00e1bio Faria \u00e9 do PSD, mas n\u00f3s senadores do PSD aqui n\u00e3o fomos sequer consultados para a nomea\u00e7\u00e3o dele. Vamos deixar claro isso aqui, que n\u00e3o \u00e9 uma troca de favor. A&nbsp;rela\u00e7\u00e3o do ministro \u00e9 direta com o presidente; n\u00e3o \u00e9 com a bancada. Eu s\u00f3 fui o relator &#8211; afirmou.&nbsp;<\/p>\n\n\n\n<p>Fonte: Ag\u00eancia Senado<\/p>\n","protected":false},"excerpt":{"rendered":"<p>O Plen\u00e1rio do Senado confirmou a recria\u00e7\u00e3o do Minist\u00e9rio das Comunica\u00e7\u00f5es aprovando, nesta quarta-feira (23),<\/p>\n","protected":false},"author":2,"featured_media":1173,"comment_status":"open","ping_status":"open","sticky":false,"template":"","format":"standard","meta":{"footnotes":""},"categories":[15],"tags":[],"class_list":["post-1172","post","type-post","status-publish","format-standard","has-post-thumbnail","hentry","category-politica"],"_links":{"self":[{"href":"https:\/\/tvc16.com\/portal\/wp-json\/wp\/v2\/posts\/1172","targetHints":{"allow":["GET"]}}],"collection":[{"href":"https:\/\/tvc16.com\/portal\/wp-json\/wp\/v2\/posts"}],"about":[{"href":"https:\/\/tvc16.com\/portal\/wp-json\/wp\/v2\/types\/post"}],"author":[{"embeddable":true,"href":"https:\/\/tvc16.com\/portal\/wp-json\/wp\/v2\/users\/2"}],"replies":[{"embeddable":true,"href":"https:\/\/tvc16.com\/portal\/wp-json\/wp\/v2\/comments?post=1172"}],"version-history":[{"count":1,"href":"https:\/\/tvc16.com\/portal\/wp-json\/wp\/v2\/posts\/1172\/revisions"}],"predecessor-version":[{"id":1174,"href":"https:\/\/tvc16.com\/portal\/wp-json\/wp\/v2\/posts\/1172\/revisions\/1174"}],"wp:featuredmedia":[{"embeddable":true,"href":"https:\/\/tvc16.com\/portal\/wp-json\/wp\/v2\/media\/1173"}],"wp:attachment":[{"href":"https:\/\/tvc16.com\/portal\/wp-json\/wp\/v2\/media?parent=1172"}],"wp:term":[{"taxonomy":"category","embeddable":true,"href":"https:\/\/tvc16.com\/portal\/wp-json\/wp\/v2\/categories?post=1172"},{"taxonomy":"post_tag","embeddable":true,"href":"https:\/\/tvc16.com\/portal\/wp-json\/wp\/v2\/tags?post=1172"}],"curies":[{"name":"wp","href":"https:\/\/api.w.org\/{rel}","templated":true}]}}