{"id":11725,"date":"2021-03-24T13:31:15","date_gmt":"2021-03-24T16:31:15","guid":{"rendered":"https:\/\/tvc16.com\/portal\/?p=11725"},"modified":"2021-03-24T13:31:17","modified_gmt":"2021-03-24T16:31:17","slug":"confianca-do-comercio-cai-185-pontos-em-todo-o-pais","status":"publish","type":"post","link":"https:\/\/tvc16.com\/portal\/2021\/03\/24\/confianca-do-comercio-cai-185-pontos-em-todo-o-pais\/","title":{"rendered":"Confian\u00e7a do com\u00e9rcio cai 18,5 pontos em todo o pa\u00eds"},"content":{"rendered":"\n<h3 class=\"wp-block-heading\">Pesquisa \u00e9 da Funda\u00e7\u00e3o Getulio Vargas<\/h3>\n\n\n\n<h4 class=\"wp-block-heading\">Por Vitor Abdala &#8211; Rep\u00f3rter da Ag\u00eancia Brasil &#8211; Rio de Janeiro<\/h4>\n\n\n\n<p>O \u00cdndice de Confian\u00e7a do Com\u00e9rcio, calculado pela Funda\u00e7\u00e3o Getulio Vargas (FGV), em todo o pa\u00eds, caiu 18,5 pontos de fevereiro para mar\u00e7o. Com isso, o indicador chegou a 72,5 pontos, em uma escala de zero a 200, o menor patamar desde maio do ano passado (67,4 pontos).<img decoding=\"async\" src=\"https:\/\/agenciabrasil.ebc.com.br\/ebc.png?id=1404858&amp;o=node\"><img decoding=\"async\" src=\"https:\/\/agenciabrasil.ebc.com.br\/ebc.gif?id=1404858&amp;o=node\"><\/p>\n\n\n\n<p>A confian\u00e7a dos empres\u00e1rios recuou nos seis segmentos do com\u00e9rcio.<\/p>\n\n\n\n<p>O \u00cdndice da Situa\u00e7\u00e3o Atual, que mede a confian\u00e7a do empresariado no presente, caiu 10,6 pontos e chegou a 75,9 pontos.<\/p>\n\n\n\n<p>J\u00e1 o \u00cdndice de Expectativas, que apura a confian\u00e7a no futuro, teve uma queda ainda maior, de 25,7 pontos, e foi para 70,2.<\/p>\n\n\n\n<p>\u201cO recrudescimento recente da pandemia de covid-19, associado \u00e0 lentid\u00e3o programa de imuniza\u00e7\u00e3o e \u00e0 ado\u00e7\u00e3o de medidas de restri\u00e7\u00e3o \u00e0 circula\u00e7\u00e3o, ajuda a explicar o cen\u00e1rio negativo na vis\u00e3o do setor. Os pr\u00f3ximos meses ser\u00e3o desafiadores e o retorno a uma rota de recupera\u00e7\u00e3o depender\u00e1 da melhora efetiva dos n\u00fameros da pandemia\u201d, disse o pesquisador da FGV Rodolpho Tobler.<\/p>\n\n\n\n<p>Edi\u00e7\u00e3o: Kleber Sampaio<\/p>\n","protected":false},"excerpt":{"rendered":"<p>Pesquisa \u00e9 da Funda\u00e7\u00e3o Getulio Vargas Por Vitor Abdala &#8211; Rep\u00f3rter da Ag\u00eancia Brasil &#8211;<\/p>\n","protected":false},"author":2,"featured_media":11726,"comment_status":"open","ping_status":"open","sticky":false,"template":"","format":"standard","meta":{"footnotes":""},"categories":[17],"tags":[],"class_list":["post-11725","post","type-post","status-publish","format-standard","has-post-thumbnail","hentry","category-outras-noticias"],"_links":{"self":[{"href":"https:\/\/tvc16.com\/portal\/wp-json\/wp\/v2\/posts\/11725","targetHints":{"allow":["GET"]}}],"collection":[{"href":"https:\/\/tvc16.com\/portal\/wp-json\/wp\/v2\/posts"}],"about":[{"href":"https:\/\/tvc16.com\/portal\/wp-json\/wp\/v2\/types\/post"}],"author":[{"embeddable":true,"href":"https:\/\/tvc16.com\/portal\/wp-json\/wp\/v2\/users\/2"}],"replies":[{"embeddable":true,"href":"https:\/\/tvc16.com\/portal\/wp-json\/wp\/v2\/comments?post=11725"}],"version-history":[{"count":1,"href":"https:\/\/tvc16.com\/portal\/wp-json\/wp\/v2\/posts\/11725\/revisions"}],"predecessor-version":[{"id":11727,"href":"https:\/\/tvc16.com\/portal\/wp-json\/wp\/v2\/posts\/11725\/revisions\/11727"}],"wp:featuredmedia":[{"embeddable":true,"href":"https:\/\/tvc16.com\/portal\/wp-json\/wp\/v2\/media\/11726"}],"wp:attachment":[{"href":"https:\/\/tvc16.com\/portal\/wp-json\/wp\/v2\/media?parent=11725"}],"wp:term":[{"taxonomy":"category","embeddable":true,"href":"https:\/\/tvc16.com\/portal\/wp-json\/wp\/v2\/categories?post=11725"},{"taxonomy":"post_tag","embeddable":true,"href":"https:\/\/tvc16.com\/portal\/wp-json\/wp\/v2\/tags?post=11725"}],"curies":[{"name":"wp","href":"https:\/\/api.w.org\/{rel}","templated":true}]}}