{"id":11734,"date":"2021-03-24T13:37:58","date_gmt":"2021-03-24T16:37:58","guid":{"rendered":"https:\/\/tvc16.com\/portal\/?p=11734"},"modified":"2021-03-24T13:38:00","modified_gmt":"2021-03-24T16:38:00","slug":"familias-em-situacao-de-inseguranca-alimentar-receberao-cesta-basica","status":"publish","type":"post","link":"https:\/\/tvc16.com\/portal\/2021\/03\/24\/familias-em-situacao-de-inseguranca-alimentar-receberao-cesta-basica\/","title":{"rendered":"Fam\u00edlias em situa\u00e7\u00e3o de inseguran\u00e7a alimentar receber\u00e3o cesta b\u00e1sica"},"content":{"rendered":"\n<h3 class=\"wp-block-heading\">Portaria, publicada hoje no Di\u00e1rio Oficial, prev\u00ea a distribui\u00e7\u00e3o<\/h3>\n\n\n\n<h4 class=\"wp-block-heading\">Por Pedro Peduzzi &#8211; Rep\u00f3rter da Ag\u00eancia Brasil &#8211; Bras\u00edlia<\/h4>\n\n\n\n<p>Localidades em situa\u00e7\u00e3o de emerg\u00eancia ou estado de calamidade p\u00fablica reconhecidos pelo governo federal poder\u00e3o receber, via Minist\u00e9rio da Cidadania, cestas de alimentos destinadas a fam\u00edlias em situa\u00e7\u00e3o de inseguran\u00e7a alimentar e nutricional. A portaria ministerial que prev\u00ea essa possibilidade foi publicada no&nbsp;<a href=\"https:\/\/www.in.gov.br\/web\/dou\/-\/portaria-mc-n-618-de-22-de-marco-de-2021-310090761\" target=\"_blank\" rel=\"noreferrer noopener\"><em>Di\u00e1rio Oficial da Uni\u00e3o<\/em><\/a>&nbsp;de hoje (24).<img decoding=\"async\" src=\"https:\/\/agenciabrasil.ebc.com.br\/ebc.png?id=1404843&amp;o=node\"><img decoding=\"async\" src=\"https:\/\/agenciabrasil.ebc.com.br\/ebc.gif?id=1404843&amp;o=node\"><\/p>\n\n\n\n<p>A \u201cA\u00e7\u00e3o de Distribui\u00e7\u00e3o de Alimentos\u201d garantir\u00e1 o acesso a alimentos desde que a situa\u00e7\u00e3o de emerg\u00eancia e o estado de calamidade p\u00fablica tenham sido decretados pelo ente federativo e reconhecidos pelo governo federal.<\/p>\n\n\n\n<p>A portaria apresenta uma lista de procedimentos e documentos que dever\u00e3o ser apresentados pelos entes federativos para que sejam atendidos com a a\u00e7\u00e3o de distribui\u00e7\u00e3o de alimentos, que ser\u00e1 coordenada pela Secretaria Nacional de Inclus\u00e3o Social e Produtiva.<\/p>\n\n\n\n<p>\u201cCom a finalidade de otimizar tempo de resposta e log\u00edstica para o atendimento das demandas por cestas emergenciais, o Minist\u00e9rio da Cidadania dividiu o pa\u00eds em sete regi\u00f5es e 55 munic\u00edpios-polos onde ser\u00e3o entregues as cestas emergenciais doadas pelo minist\u00e9rio\u201d, informa a portaria ao indicar as localidades onde dever\u00e3o ser retirados os alimentos pelos entes federativos solicitantes das cestas.<\/p>\n\n\n\n<p>Edi\u00e7\u00e3o: Val\u00e9ria Aguiar<\/p>\n","protected":false},"excerpt":{"rendered":"<p>Portaria, publicada hoje no Di\u00e1rio Oficial, prev\u00ea a distribui\u00e7\u00e3o Por Pedro Peduzzi &#8211; Rep\u00f3rter da<\/p>\n","protected":false},"author":2,"featured_media":11735,"comment_status":"open","ping_status":"open","sticky":false,"template":"","format":"standard","meta":{"footnotes":""},"categories":[17],"tags":[],"class_list":["post-11734","post","type-post","status-publish","format-standard","has-post-thumbnail","hentry","category-outras-noticias"],"_links":{"self":[{"href":"https:\/\/tvc16.com\/portal\/wp-json\/wp\/v2\/posts\/11734","targetHints":{"allow":["GET"]}}],"collection":[{"href":"https:\/\/tvc16.com\/portal\/wp-json\/wp\/v2\/posts"}],"about":[{"href":"https:\/\/tvc16.com\/portal\/wp-json\/wp\/v2\/types\/post"}],"author":[{"embeddable":true,"href":"https:\/\/tvc16.com\/portal\/wp-json\/wp\/v2\/users\/2"}],"replies":[{"embeddable":true,"href":"https:\/\/tvc16.com\/portal\/wp-json\/wp\/v2\/comments?post=11734"}],"version-history":[{"count":1,"href":"https:\/\/tvc16.com\/portal\/wp-json\/wp\/v2\/posts\/11734\/revisions"}],"predecessor-version":[{"id":11736,"href":"https:\/\/tvc16.com\/portal\/wp-json\/wp\/v2\/posts\/11734\/revisions\/11736"}],"wp:featuredmedia":[{"embeddable":true,"href":"https:\/\/tvc16.com\/portal\/wp-json\/wp\/v2\/media\/11735"}],"wp:attachment":[{"href":"https:\/\/tvc16.com\/portal\/wp-json\/wp\/v2\/media?parent=11734"}],"wp:term":[{"taxonomy":"category","embeddable":true,"href":"https:\/\/tvc16.com\/portal\/wp-json\/wp\/v2\/categories?post=11734"},{"taxonomy":"post_tag","embeddable":true,"href":"https:\/\/tvc16.com\/portal\/wp-json\/wp\/v2\/tags?post=11734"}],"curies":[{"name":"wp","href":"https:\/\/api.w.org\/{rel}","templated":true}]}}