{"id":11746,"date":"2021-03-24T13:51:18","date_gmt":"2021-03-24T16:51:18","guid":{"rendered":"https:\/\/tvc16.com\/portal\/?p=11746"},"modified":"2021-03-24T13:51:20","modified_gmt":"2021-03-24T16:51:20","slug":"passagem-de-carreta-de-grande-porte-interditara-totalmente-descida-da-serra","status":"publish","type":"post","link":"https:\/\/tvc16.com\/portal\/2021\/03\/24\/passagem-de-carreta-de-grande-porte-interditara-totalmente-descida-da-serra\/","title":{"rendered":"Passagem de carreta de grande porte interditar\u00e1 totalmente descida da Serra"},"content":{"rendered":"\n<p>Opera\u00e7\u00e3o acontece entre noite de hoje (24.03) e madrugada de quinta (25)<br>&nbsp;<\/p>\n\n\n\n<p>Uma carreta de grande porte subir\u00e1 a Serra de Petr\u00f3polis pela pista de descida, em opera\u00e7\u00e3o prevista para ocorrer entre 23h59 desta quarta-feira (24.03) e \u00e0s 4h de quinta (25). A revers\u00e3o da pista de descida exigir\u00e1 a interdi\u00e7\u00e3o total do trecho entre o km 80 e km 102, no sentido RJ. A opera\u00e7\u00e3o ser\u00e1 necess\u00e1ria porque o ve\u00edculo tem 37 metros de comprimento, em compartimento de carga r\u00edgido, n\u00e3o sendo poss\u00edvel sua passagem por determinadas curvas da pista de subida.<\/p>\n\n\n\n<p>Equipes da Concer e PRF v\u00e3o acompanhar a opera\u00e7\u00e3o, que poder\u00e1 ser adiada se n\u00e3o houver condi\u00e7\u00f5es clim\u00e1ticas ou operacionais favor\u00e1veis.<\/p>\n\n\n\n<p>Programe sua viagem e evite reten\u00e7\u00f5es nesse trecho da rodovia durante a opera\u00e7\u00e3o especial. Para obter informa\u00e7\u00f5es atualizadas sobre as condi\u00e7\u00f5es de tr\u00e1fego na BR-040, o usu\u00e1rio deve ligar para a Central de Atendimento Concer: 0800-2820040. Portadores de defici\u00eancia auditiva e de fala: 0800-2810041. A opera\u00e7\u00e3o especial tamb\u00e9m estar\u00e1 no concer.com.br, Facebook Concer e WhatsApp Concer (21-99724-2655, Duque de Caxias| 97288-3912, Serra | 997848115, Itaipava-Juiz de Fora).<\/p>\n\n\n\n<p>Foto: internet<\/p>\n","protected":false},"excerpt":{"rendered":"<p>Opera\u00e7\u00e3o acontece entre noite de hoje (24.03) e madrugada de quinta (25)&nbsp; Uma carreta de<\/p>\n","protected":false},"author":2,"featured_media":11747,"comment_status":"open","ping_status":"open","sticky":false,"template":"","format":"standard","meta":{"footnotes":""},"categories":[12],"tags":[],"class_list":["post-11746","post","type-post","status-publish","format-standard","has-post-thumbnail","hentry","category-cidade"],"_links":{"self":[{"href":"https:\/\/tvc16.com\/portal\/wp-json\/wp\/v2\/posts\/11746","targetHints":{"allow":["GET"]}}],"collection":[{"href":"https:\/\/tvc16.com\/portal\/wp-json\/wp\/v2\/posts"}],"about":[{"href":"https:\/\/tvc16.com\/portal\/wp-json\/wp\/v2\/types\/post"}],"author":[{"embeddable":true,"href":"https:\/\/tvc16.com\/portal\/wp-json\/wp\/v2\/users\/2"}],"replies":[{"embeddable":true,"href":"https:\/\/tvc16.com\/portal\/wp-json\/wp\/v2\/comments?post=11746"}],"version-history":[{"count":1,"href":"https:\/\/tvc16.com\/portal\/wp-json\/wp\/v2\/posts\/11746\/revisions"}],"predecessor-version":[{"id":11748,"href":"https:\/\/tvc16.com\/portal\/wp-json\/wp\/v2\/posts\/11746\/revisions\/11748"}],"wp:featuredmedia":[{"embeddable":true,"href":"https:\/\/tvc16.com\/portal\/wp-json\/wp\/v2\/media\/11747"}],"wp:attachment":[{"href":"https:\/\/tvc16.com\/portal\/wp-json\/wp\/v2\/media?parent=11746"}],"wp:term":[{"taxonomy":"category","embeddable":true,"href":"https:\/\/tvc16.com\/portal\/wp-json\/wp\/v2\/categories?post=11746"},{"taxonomy":"post_tag","embeddable":true,"href":"https:\/\/tvc16.com\/portal\/wp-json\/wp\/v2\/tags?post=11746"}],"curies":[{"name":"wp","href":"https:\/\/api.w.org\/{rel}","templated":true}]}}