{"id":11749,"date":"2021-03-24T15:22:04","date_gmt":"2021-03-24T18:22:04","guid":{"rendered":"https:\/\/tvc16.com\/portal\/?p=11749"},"modified":"2021-03-25T00:01:25","modified_gmt":"2021-03-25T03:01:25","slug":"motoristas-sao-barrados-nas-entradas-da-cidade-na-manha-de-hoje","status":"publish","type":"post","link":"https:\/\/tvc16.com\/portal\/2021\/03\/24\/motoristas-sao-barrados-nas-entradas-da-cidade-na-manha-de-hoje\/","title":{"rendered":"Motoristas s\u00e3o barrados nas entradas da cidade"},"content":{"rendered":"\n<p>As barreiras sanit\u00e1rias impediram 43 ve\u00edculos de fora de Petr\u00f3polis de entrarem no munic\u00edpio at\u00e9 \u00e0s 13h desta quarta-feira  (24). O acesso de pessoas de outras cidades s\u00f3 ser\u00e1 permitido \u00e0quelas que comprovarem propriedade de im\u00f3vel aqui ou apresentarem voucher demonstrando reserva em meio de hospedagem local ou agendamento para compra nos polos de moda (que ser\u00e3o disponibilizados pelos pr\u00f3prios polos de moda).<\/p>\n\n\n\n<figure class=\"wp-block-image size-large\"><img loading=\"lazy\" decoding=\"async\" width=\"1024\" height=\"576\" src=\"https:\/\/tvc16.com\/portal\/wp-content\/uploads\/2021\/03\/IMG-20210324-WA0100-1024x576.jpg\" alt=\"\" class=\"wp-image-11751\" srcset=\"https:\/\/tvc16.com\/portal\/wp-content\/uploads\/2021\/03\/IMG-20210324-WA0100-1024x576.jpg 1024w, https:\/\/tvc16.com\/portal\/wp-content\/uploads\/2021\/03\/IMG-20210324-WA0100-300x169.jpg 300w, https:\/\/tvc16.com\/portal\/wp-content\/uploads\/2021\/03\/IMG-20210324-WA0100-768x432.jpg 768w, https:\/\/tvc16.com\/portal\/wp-content\/uploads\/2021\/03\/IMG-20210324-WA0100.jpg 1280w\" sizes=\"auto, (max-width: 1024px) 100vw, 1024px\" \/><\/figure>\n\n\n\n<p>No controle sanit\u00e1rio do Quitandinha, retornaram 14 ve\u00edculos provenientes de outras cidades at\u00e9 esse hor\u00e1rio. J\u00e1 no bloqueio do Alto da Serra, sete carros foram obrigados pelas equipes a voltar. No Bingen, quatro autom\u00f3veis foram impedidos de entrar no munic\u00edpio. Em Bonsucesso, foram 18 carros.<\/p>\n\n\n\n<p>O trabalho realizado nas barreiras sanit\u00e1rias conta com equipes da CPTrans, Vigil\u00e2ncia Sanit\u00e1ria, Guarda Civil, Defesa Civil e da coordenadoria especial de Rela\u00e7\u00f5es Institucionais, atrav\u00e9s dos agentes regionais. Nos fins de semana, a Secretaria de Meio Ambiente ir\u00e1 participar das a\u00e7\u00f5es de fiscaliza\u00e7\u00e3o nas cachoeiras.<\/p>\n\n\n\n<p>\u201cDiversos setores da prefeitura est\u00e3o engajados nesse trabalho, ou seja, \u00e9 uma a\u00e7\u00e3o de governo como um todo. As restri\u00e7\u00f5es n\u00e3o s\u00e3o desejadas, mas s\u00e3o muito necess\u00e1rias neste momento. Estamos trabalhando para desacelerar a taxa de cont\u00e1gio\u201d, explicou Fernanda Ferreira, coordenadora de Rela\u00e7\u00f5es Institucionais.<\/p>\n\n\n\n<p>O prefeito interino Hingo Hammes lembrou que a barreira sanit\u00e1ria \u00e9 uma das medidas que t\u00eam como objetivo evitar o aumento da circula\u00e7\u00e3o de pessoas no munic\u00edpio. \u201cEstamos trabalhando para ampliar o n\u00famero de leitos, que \u00e9 a consequ\u00eancia desta pandemia, mas sabemos da necessidade de atuar tamb\u00e9m na causa. Por isso estamos refor\u00e7ando as a\u00e7\u00f5es de fiscaliza\u00e7\u00e3o e conscientiza\u00e7\u00e3o. \u00c9 importante que a popula\u00e7\u00e3o fa\u00e7a sua parte, cumprindo as determina\u00e7\u00f5es. Pe\u00e7o que mantenham o distanciamento social, evitem aglomera\u00e7\u00f5es, usem m\u00e1scaras e mantenham as m\u00e3os sempre limpas e higienizadas\u201d, disse Hammes.<\/p>\n\n\n\n<p><em>Barreiras sanit\u00e1rias come\u00e7aram ontem (23)<\/em><\/p>\n\n\n\n<p>As barreiras sanit\u00e1rias come\u00e7aram a funcionar na ter\u00e7a (23), inclusive durante a noite e madrugada, com a presen\u00e7a da Guarda Civil. Os ve\u00edculos est\u00e3o sendo abordados para a aferi\u00e7\u00e3o de temperatura. Ontem, no controle de Bonsucesso, uma mulher foi encaminhada para a 106\u00aa Delegacia de Pol\u00edcia, em Itaipava, ap\u00f3s desacatar e ofender um agente da CPTrans.<\/p>\n\n\n\n<p>\u201cA gente pede para que a popula\u00e7\u00e3o tenha paci\u00eancia e entenda que estamos vivendo em um momento muito delicado. Nossas equipes est\u00e3o trabalhando para diminuir a taxa de cont\u00e1gio em Petr\u00f3polis\u201d, ressalta Luciano Moreira, diretor-presidente da CPTrans.<\/p>\n","protected":false},"excerpt":{"rendered":"<p>As barreiras sanit\u00e1rias impediram 43 ve\u00edculos de fora de Petr\u00f3polis de entrarem no munic\u00edpio at\u00e9<\/p>\n","protected":false},"author":2,"featured_media":11750,"comment_status":"open","ping_status":"open","sticky":false,"template":"","format":"standard","meta":{"footnotes":""},"categories":[12],"tags":[],"class_list":["post-11749","post","type-post","status-publish","format-standard","has-post-thumbnail","hentry","category-cidade"],"_links":{"self":[{"href":"https:\/\/tvc16.com\/portal\/wp-json\/wp\/v2\/posts\/11749","targetHints":{"allow":["GET"]}}],"collection":[{"href":"https:\/\/tvc16.com\/portal\/wp-json\/wp\/v2\/posts"}],"about":[{"href":"https:\/\/tvc16.com\/portal\/wp-json\/wp\/v2\/types\/post"}],"author":[{"embeddable":true,"href":"https:\/\/tvc16.com\/portal\/wp-json\/wp\/v2\/users\/2"}],"replies":[{"embeddable":true,"href":"https:\/\/tvc16.com\/portal\/wp-json\/wp\/v2\/comments?post=11749"}],"version-history":[{"count":2,"href":"https:\/\/tvc16.com\/portal\/wp-json\/wp\/v2\/posts\/11749\/revisions"}],"predecessor-version":[{"id":11765,"href":"https:\/\/tvc16.com\/portal\/wp-json\/wp\/v2\/posts\/11749\/revisions\/11765"}],"wp:featuredmedia":[{"embeddable":true,"href":"https:\/\/tvc16.com\/portal\/wp-json\/wp\/v2\/media\/11750"}],"wp:attachment":[{"href":"https:\/\/tvc16.com\/portal\/wp-json\/wp\/v2\/media?parent=11749"}],"wp:term":[{"taxonomy":"category","embeddable":true,"href":"https:\/\/tvc16.com\/portal\/wp-json\/wp\/v2\/categories?post=11749"},{"taxonomy":"post_tag","embeddable":true,"href":"https:\/\/tvc16.com\/portal\/wp-json\/wp\/v2\/tags?post=11749"}],"curies":[{"name":"wp","href":"https:\/\/api.w.org\/{rel}","templated":true}]}}