{"id":11759,"date":"2021-03-24T17:28:33","date_gmt":"2021-03-24T20:28:33","guid":{"rendered":"https:\/\/tvc16.com\/portal\/?p=11759"},"modified":"2021-03-24T17:28:36","modified_gmt":"2021-03-24T20:28:36","slug":"advogada-e-autuada-por-desacato-em-barreira-sanitaria","status":"publish","type":"post","link":"https:\/\/tvc16.com\/portal\/2021\/03\/24\/advogada-e-autuada-por-desacato-em-barreira-sanitaria\/","title":{"rendered":"Advogada \u00e9 autuada por desacato em barreira sanit\u00e1ria"},"content":{"rendered":"\n<p>Uma advogada, de 39 anos, desacatou na tarde de hoje (24), guardas civis que trabalhavam na barreira sanit\u00e1ria montada no trevo de Itaipava. O caso foi registrado por volta das 13h. Os funcion\u00e1rios acionaram a Pol\u00edcia Militar, que encaminhou a mulher para a 106\u00aa Delegacia de Pol\u00edcia. Em sede policial ela foi autuada por desacato e liberada em seguida. <\/p>\n\n\n\n<p>De acordo com as testemunhas al\u00e9m de xingar os profissionais, a advogada n\u00e3o quis colocar a m\u00e1scara de prote\u00e7\u00e3o enquanto discutia com os agentes. &#8220;Ela responder\u00e1 pelo crime em liberdade e posteriormente ter\u00e1 que se defender junto ao juiz&#8221;, disse o delegado titular da 106\u00aa DP, Nei Loureiro.<\/p>\n","protected":false},"excerpt":{"rendered":"<p>Uma advogada, de 39 anos, desacatou na tarde de hoje (24), guardas civis que trabalhavam<\/p>\n","protected":false},"author":2,"featured_media":11760,"comment_status":"open","ping_status":"open","sticky":false,"template":"","format":"standard","meta":{"footnotes":""},"categories":[12],"tags":[],"class_list":["post-11759","post","type-post","status-publish","format-standard","has-post-thumbnail","hentry","category-cidade"],"_links":{"self":[{"href":"https:\/\/tvc16.com\/portal\/wp-json\/wp\/v2\/posts\/11759","targetHints":{"allow":["GET"]}}],"collection":[{"href":"https:\/\/tvc16.com\/portal\/wp-json\/wp\/v2\/posts"}],"about":[{"href":"https:\/\/tvc16.com\/portal\/wp-json\/wp\/v2\/types\/post"}],"author":[{"embeddable":true,"href":"https:\/\/tvc16.com\/portal\/wp-json\/wp\/v2\/users\/2"}],"replies":[{"embeddable":true,"href":"https:\/\/tvc16.com\/portal\/wp-json\/wp\/v2\/comments?post=11759"}],"version-history":[{"count":1,"href":"https:\/\/tvc16.com\/portal\/wp-json\/wp\/v2\/posts\/11759\/revisions"}],"predecessor-version":[{"id":11761,"href":"https:\/\/tvc16.com\/portal\/wp-json\/wp\/v2\/posts\/11759\/revisions\/11761"}],"wp:featuredmedia":[{"embeddable":true,"href":"https:\/\/tvc16.com\/portal\/wp-json\/wp\/v2\/media\/11760"}],"wp:attachment":[{"href":"https:\/\/tvc16.com\/portal\/wp-json\/wp\/v2\/media?parent=11759"}],"wp:term":[{"taxonomy":"category","embeddable":true,"href":"https:\/\/tvc16.com\/portal\/wp-json\/wp\/v2\/categories?post=11759"},{"taxonomy":"post_tag","embeddable":true,"href":"https:\/\/tvc16.com\/portal\/wp-json\/wp\/v2\/tags?post=11759"}],"curies":[{"name":"wp","href":"https:\/\/api.w.org\/{rel}","templated":true}]}}