{"id":11769,"date":"2021-03-25T10:39:45","date_gmt":"2021-03-25T13:39:45","guid":{"rendered":"https:\/\/tvc16.com\/portal\/?p=11769"},"modified":"2021-03-25T10:39:47","modified_gmt":"2021-03-25T13:39:47","slug":"prefeito-interino-hingo-hammes-recebe-membros-do-conselho-municipal-de-cultura","status":"publish","type":"post","link":"https:\/\/tvc16.com\/portal\/2021\/03\/25\/prefeito-interino-hingo-hammes-recebe-membros-do-conselho-municipal-de-cultura\/","title":{"rendered":"Prefeito interino Hingo Hammes recebe membros do Conselho Municipal de Cultura"},"content":{"rendered":"\n<p>O prefeito interino Hingo Hammes esteve reunido com membros do Conselho de Cultura nesta quarta-feira (24\/03) na prefeitura. O encontro serviu para apresentar as a\u00e7\u00f5es realizadas pelo executivo ao segmento, como a cria\u00e7\u00e3o do Instituto Municipal de Cultura (IMC), a homenagem aos vencedores do Pr\u00eamio Maestro Guerra-Peixe, al\u00e9m da retomada das obras no Theatro D. Pedro e no Pal\u00e1cio de Cristal.<\/p>\n\n\n\n<p>Os conselheiros tamb\u00e9m apresentaram algumas demandas como a cria\u00e7\u00e3o de uma lei municipal de incentivo \u00e0 Cultura. A ideia deles \u00e9 que as empresas possam apoiar projetos por meio de incentivos fiscais. Ficou acordado que a elabora\u00e7\u00e3o da minuta da Lei ser\u00e1 discutida dentro do Conselho, para posteriormente, ser apresentada ao munic\u00edpio.<\/p>\n\n\n\n<p>O prefeito interino Hingo Hammes ressaltou a import\u00e2ncia do di\u00e1logo com a categoria. \u201cEssa troca \u00e9 muito importante tamb\u00e9m para o poder p\u00fablico entender as demandas do segmento\u201d, disse Hammes. \u201cPudemos apresentar as a\u00e7\u00f5es que j\u00e1 realizamos, apesar de estarmos em meio \u00e0 uma pandemia. A Cultura ganhou uma pasta pr\u00f3pria, independente, como sempre foi um desejo dos artistas da nossa cidade\u201d, ressaltou.<\/p>\n\n\n\n<p>Hingo Hammes, ao lado diretor-presidente do IMCE, Leandro Kronemberger, explicou os processos burocr\u00e1ticos superados para que as obras do Theatro D. Pedro e do Pal\u00e1cio de Cristal fossem retomadas. Os dois equipamentos s\u00e3o muito aguardados pelo segmento para que projetos de fomento \u00e0 cultura sejam realizados.<\/p>\n\n\n\n<p>\u201cSa\u00edmos muito felizes e satisfeitos desse encontro. Conseguimos pontuar algumas demandas e dialogar da melhor maneira poss\u00edvel com o executivo. Acho que faltava justamente isso, ouvir o lado da sociedade civil, entender quais s\u00e3o os nossos pedidos. Quem ganha com esse trabalho em conjunto \u00e9 a cultura de Petr\u00f3polis\u201d, ressaltou Diana Iliescu, presidente do Conselho Municipal de Cultura.<\/p>\n","protected":false},"excerpt":{"rendered":"<p>O prefeito interino Hingo Hammes esteve reunido com membros do Conselho de Cultura nesta quarta-feira<\/p>\n","protected":false},"author":2,"featured_media":11770,"comment_status":"open","ping_status":"open","sticky":false,"template":"","format":"standard","meta":{"footnotes":""},"categories":[12],"tags":[],"class_list":["post-11769","post","type-post","status-publish","format-standard","has-post-thumbnail","hentry","category-cidade"],"_links":{"self":[{"href":"https:\/\/tvc16.com\/portal\/wp-json\/wp\/v2\/posts\/11769","targetHints":{"allow":["GET"]}}],"collection":[{"href":"https:\/\/tvc16.com\/portal\/wp-json\/wp\/v2\/posts"}],"about":[{"href":"https:\/\/tvc16.com\/portal\/wp-json\/wp\/v2\/types\/post"}],"author":[{"embeddable":true,"href":"https:\/\/tvc16.com\/portal\/wp-json\/wp\/v2\/users\/2"}],"replies":[{"embeddable":true,"href":"https:\/\/tvc16.com\/portal\/wp-json\/wp\/v2\/comments?post=11769"}],"version-history":[{"count":1,"href":"https:\/\/tvc16.com\/portal\/wp-json\/wp\/v2\/posts\/11769\/revisions"}],"predecessor-version":[{"id":11771,"href":"https:\/\/tvc16.com\/portal\/wp-json\/wp\/v2\/posts\/11769\/revisions\/11771"}],"wp:featuredmedia":[{"embeddable":true,"href":"https:\/\/tvc16.com\/portal\/wp-json\/wp\/v2\/media\/11770"}],"wp:attachment":[{"href":"https:\/\/tvc16.com\/portal\/wp-json\/wp\/v2\/media?parent=11769"}],"wp:term":[{"taxonomy":"category","embeddable":true,"href":"https:\/\/tvc16.com\/portal\/wp-json\/wp\/v2\/categories?post=11769"},{"taxonomy":"post_tag","embeddable":true,"href":"https:\/\/tvc16.com\/portal\/wp-json\/wp\/v2\/tags?post=11769"}],"curies":[{"name":"wp","href":"https:\/\/api.w.org\/{rel}","templated":true}]}}