{"id":11775,"date":"2021-03-25T10:42:45","date_gmt":"2021-03-25T13:42:45","guid":{"rendered":"https:\/\/tvc16.com\/portal\/?p=11775"},"modified":"2021-03-25T10:42:47","modified_gmt":"2021-03-25T13:42:47","slug":"petropolis-registra-mais-cinco-mortes-por-covid-19","status":"publish","type":"post","link":"https:\/\/tvc16.com\/portal\/2021\/03\/25\/petropolis-registra-mais-cinco-mortes-por-covid-19\/","title":{"rendered":"Petr\u00f3polis registra mais cinco mortes por covid-19"},"content":{"rendered":"\n<p>O boletim epidemiol\u00f3gico da Secretaria de Sa\u00fade desta quarta-feira (24\/3) mostrou que Petr\u00f3polis fez, at\u00e9 agora, 130.508 testes para Covid-19, com 23.897 resultados positivos e 100.718 negativos (levando em considera\u00e7\u00e3o testes r\u00e1pidos e Swab). Mais cinco \u00f3bitos foram contabilizados nesta quarta-feira (23\/3).<\/p>\n\n\n\n<p>Neste momento, 145 pessoas est\u00e3o internadas em leitos de UTI privados e pelo SUS. Outras 134 est\u00e3o em leitos cl\u00ednicos, considerando leitos privados e SUS, totalizando assim, 279 interna\u00e7\u00f5es em toda a rede da cidade. A ocupa\u00e7\u00e3o de leitos cl\u00ednicos pelo SUS \u00e9 de 62,41% e 88,12% em leitos de UTI.<\/p>\n\n\n\n<p>A Secretaria de Sa\u00fade esclarece que o n\u00famero de \u00f3bitos, hoje em 643, \u00e9 atualizado nos boletins apenas ap\u00f3s o registro do atestado de \u00f3bito e do resultado do exame do paciente no sistema da Vigil\u00e2ncia Epidemiol\u00f3gica, o que \u00e9 feito por equipe administrativa. Trata-se de medida de seguran\u00e7a para evitar erro na informa\u00e7\u00e3o divulgada pela Secretaria de Sa\u00fade.<\/p>\n\n\n\n<p>A Secretaria acrescenta, ainda, que trabalha na atualiza\u00e7\u00e3o de dados de notifica\u00e7\u00f5es e casos em an\u00e1lise no sistema, inserindo ainda dados n\u00e3o lan\u00e7ados no fim do ano passado. \u00c9 poss\u00edvel acompanhar a evolu\u00e7\u00e3o dos casos no portal da transpar\u00eancia do coronav\u00edrus, no site da Prefeitura (www.petropolis.rj.gov.br).<\/p>\n\n\n\n<p>\u00d3bitos registrados:<\/p>\n\n\n\n<p>1 \u2013 Homem, 74 anos, morador do Ch\u00e1cara Flora. Internado na UPA Itaipava no dia 13\/3\/21 e transferido para o HNSA. \u00d3bito registrado em 17\/03\/21 no HNSA. Paciente tinha hipertens\u00e3o arterial e diabetes.<\/p>\n\n\n\n<p>2 \u2013 Mulher, 66 anos, bairro Sim\u00e9ria. Internada em 19.03.21 no PSLS. \u00d3bito registrado no dia 20.03.21 no PSLS. Paciente com hipertens\u00e3o arterial e obesidade.<\/p>\n\n\n\n<p>3 \u2013 Homem, 52 anos, morador do Capela. Internado no HCC no dia 20\/3\/21. \u00d3bito registrado no HCC no dia 22\/3\/21. Paciente tinha hipotireoidismo, diabetes e hipertens\u00e3o arterial.<\/p>\n\n\n\n<p>4 \u2013 Mulher, 87 anos, moradora do Ch\u00e1cara Flora. Internada em 16\/3\/21 na UPA Cascatinha. \u00d3bito registrado em 18\/3\/21 na UPA Cascatinha. Paciente com hipertens\u00e3o arterial.<\/p>\n\n\n\n<p>5 \u2013 Homem, 34 anos, morador de Correas. Internado em 04\/3\/21 na UPA Cascatinha e transferido para o SMH. \u00d3bito registrado no SMH no dia 21\/3\/21.<\/p>\n","protected":false},"excerpt":{"rendered":"<p>O boletim epidemiol\u00f3gico da Secretaria de Sa\u00fade desta quarta-feira (24\/3) mostrou que Petr\u00f3polis fez, at\u00e9<\/p>\n","protected":false},"author":2,"featured_media":11776,"comment_status":"open","ping_status":"open","sticky":false,"template":"","format":"standard","meta":{"footnotes":""},"categories":[12],"tags":[],"class_list":["post-11775","post","type-post","status-publish","format-standard","has-post-thumbnail","hentry","category-cidade"],"_links":{"self":[{"href":"https:\/\/tvc16.com\/portal\/wp-json\/wp\/v2\/posts\/11775","targetHints":{"allow":["GET"]}}],"collection":[{"href":"https:\/\/tvc16.com\/portal\/wp-json\/wp\/v2\/posts"}],"about":[{"href":"https:\/\/tvc16.com\/portal\/wp-json\/wp\/v2\/types\/post"}],"author":[{"embeddable":true,"href":"https:\/\/tvc16.com\/portal\/wp-json\/wp\/v2\/users\/2"}],"replies":[{"embeddable":true,"href":"https:\/\/tvc16.com\/portal\/wp-json\/wp\/v2\/comments?post=11775"}],"version-history":[{"count":1,"href":"https:\/\/tvc16.com\/portal\/wp-json\/wp\/v2\/posts\/11775\/revisions"}],"predecessor-version":[{"id":11777,"href":"https:\/\/tvc16.com\/portal\/wp-json\/wp\/v2\/posts\/11775\/revisions\/11777"}],"wp:featuredmedia":[{"embeddable":true,"href":"https:\/\/tvc16.com\/portal\/wp-json\/wp\/v2\/media\/11776"}],"wp:attachment":[{"href":"https:\/\/tvc16.com\/portal\/wp-json\/wp\/v2\/media?parent=11775"}],"wp:term":[{"taxonomy":"category","embeddable":true,"href":"https:\/\/tvc16.com\/portal\/wp-json\/wp\/v2\/categories?post=11775"},{"taxonomy":"post_tag","embeddable":true,"href":"https:\/\/tvc16.com\/portal\/wp-json\/wp\/v2\/tags?post=11775"}],"curies":[{"name":"wp","href":"https:\/\/api.w.org\/{rel}","templated":true}]}}